{"id":2229,"date":"2024-11-01T11:45:38","date_gmt":"2024-11-01T10:45:38","guid":{"rendered":"https:\/\/mcidrija.si\/?p=2229"},"modified":"2025-03-07T15:55:18","modified_gmt":"2025-03-07T14:55:18","slug":"curae-caring-for-the-continuation-of-vintage-crafts","status":"publish","type":"post","link":"https:\/\/mcidrija.si\/en\/2024\/11\/01\/curae-caring-for-the-continuation-of-vintage-crafts\/","title":{"rendered":"Curae &#8211; Caring for the Continuation of Vintage Crafts"},"content":{"rendered":"<ul class=\"wp-block-list\">\n<li><strong>Datum: <\/strong>1\/11\/2021 &#8211; 1\/11\/2024<\/li>\n\n\n\n<li><strong>Project value: <\/strong>43.893 \u20ac<br><\/li>\n<\/ul>\n\n\n\n<p class=\"wp-block-paragraph\"><strong>Opis: <\/strong>Mladinski center Idrija je sodeloval v mednarodnem projektu Curae, ki se ukvarja z&nbsp;ohranjanjem tradicionalnih obrti in na prenos znanj na mlade.<\/p>\n\n\n\n<p class=\"wp-block-paragraph\">Cilj projekta je bil opolnomo\u010denje mladih, ki \u017eivijo na pode\u017eelju, da s pomo\u010djo poznavanja starih obrti, z modernizacijo le-teh, ter s pomo\u010djo sodobnih tehnologij prilagodijo obrti na tak na\u010din, da se izbolj\u0161ajo njihove zaposlitvene mo\u017enosti. Tekom projekta \u017eelimo dokazati, da imajo obrti svoje mesto v sodobnem svetu in da lahko prispevajo k osebnemu in profesionalnemu razvoju posameznika, skupnosti in organizacij.<\/p>\n\n\n\n<p class=\"wp-block-paragraph\">Projekt je zdru\u017eil 6 partnerjev iz Nizozemske, Gr\u010dije, Slovenije, Francije, Italije in Portugalske. Vsak od teh partnerjev sodeluje z mladimi iz te\u017ekih okolij in \u017eeli podpreti njihovo aktivno sodelovanje v dru\u017ebi z razli\u010dnimi orodji in metodami, ki prihajajo s podro\u010dja neformalnega izobra\u017eevanja.<\/p>\n\n\n\n<p class=\"wp-block-paragraph\">Cilj projekta je bil podpreti mlade partnerskih in pridru\u017eenih partnerskih organizacij pri pridobivanju usposabljanja in metodologij, da bi lahko svojim ciljnim skupinam ponudili prilagojeno in kakovostno u\u010denje.<\/p>\n\n\n\n<p class=\"wp-block-paragraph\">Dejavnosti so tekom triletnega obdobja&nbsp;potekale v&nbsp;vseh navedenih dr\u017eavah in sicer v angle\u0161\u010dini.<\/p>\n\n\n\n<p class=\"wp-block-paragraph\">Ve\u010d o <a href=\"https:\/\/mcidrija.si\/en\/program\/projekti\/curae.html\/\">CURAE<\/a>.<\/p>\n\n\n\n<div class=\"wp-block-qi-blocks-spacer qodef-block-container qodef-block-a71bcb6a\"><div class=\"qi-block-spacer qodef-block qodef-m\"><\/div><\/div>\n\n\n\n<h3 class=\"wp-block-heading\">rezultati projekta<\/h3>\n\n\n\n<p class=\"wp-block-paragraph\">Ob zaklju\u010dku ve\u010dletnega projekta je bila napisana knjiga in posnet dokumentarni film, katera predstavljata projekt. Ve\u010d o tem si poglej tukaj: <a href=\"https:\/\/curae-crafts.com\/\">https:\/\/curae-crafts.com\/<\/a><\/p>\n\n\n\n<div class=\"wp-block-qi-blocks-spacer qodef-block-container qodef-block-a71bcb6a\"><div class=\"qi-block-spacer qodef-block qodef-m\"><\/div><\/div>\n\n\n\n<div data-wp-interactive=\"core\/file\" class=\"wp-block-file aligncenter\"><object data-wp-bind--hidden=\"!state.hasPdfPreview\" hidden class=\"wp-block-file__embed\" data=\"https:\/\/mcidrija.si\/wp-content\/uploads\/2024\/11\/CURAE-BOOK.pdf\" type=\"application\/pdf\" style=\"width:100%;height:600px\" aria-label=\"Embed of &lt;strong&gt;CURAE KNJIGA&lt;\/strong&gt;.\"><\/object><a id=\"wp-block-file--media-6325fb2c-b7be-4630-80ec-27a3f2cdba99\" href=\"https:\/\/mcidrija.si\/wp-content\/uploads\/2024\/11\/CURAE-BOOK.pdf\" target=\"_blank\" rel=\"noreferrer noopener\"><strong>CURAE KNJIGA<\/strong><\/a><\/div>\n\n\n\n<div class=\"wp-block-qi-blocks-spacer qodef-block-container qodef-block-a71bcb6a\"><div class=\"qi-block-spacer qodef-block qodef-m\"><\/div><\/div>\n\n\n\n<figure class=\"wp-block-embed is-type-video is-provider-youtube wp-block-embed-youtube wp-embed-aspect-16-9 wp-has-aspect-ratio\"><div class=\"wp-block-embed__wrapper\">\n<span class=\"embed-youtube\" style=\"text-align:center; display: block;\"><iframe class=\"youtube-player\" width=\"640\" height=\"360\" src=\"https:\/\/www.youtube.com\/embed\/saX1nHBsmoA?version=3&#038;rel=1&#038;showsearch=0&#038;showinfo=1&#038;iv_load_policy=1&#038;fs=1&#038;hl=en-US&#038;autohide=2&#038;wmode=transparent\" allowfullscreen=\"true\" style=\"border:0;\" sandbox=\"allow-scripts allow-same-origin allow-popups allow-presentation allow-popups-to-escape-sandbox\"><\/iframe><\/span>\n<\/div><\/figure>\n\n\n\n<p class=\"has-text-align-center wp-block-paragraph\"><strong>DOKUMENTARNI FILM<\/strong><\/p>\n\n\n\n<div class=\"wp-block-qi-blocks-spacer qodef-block-container qodef-block-a71bcb6a\"><div class=\"qi-block-spacer qodef-block qodef-m\"><\/div><\/div>\n\n\n\n<h3 class=\"wp-block-heading\">\u010cASOVNICA PROJEKTA<\/h3>\n\n\n\n<h5 class=\"wp-block-heading\">Prvi partnerski sestanek &#8211; online (12. &#8211; 15. 11. 2021)<\/h5>\n\n\n\n<p class=\"wp-block-paragraph\">Na partnerskih sestankih se zberejo vse partnerske organizacije projekta Curae in razpravljajo o projektu, pri \u010demer dolo\u010dijo nove mejnike ali to\u010dke za izbolj\u0161avo za naslednje dogodke.&nbsp;<\/p>\n\n\n\n<p class=\"wp-block-paragraph\">Prvi spoznavni sestanek je zaradi pravil glede korone virusa na \u017ealost potekal kar preko spleta. Sestanek je bil namenjen spoznavanju vseh partnerskih organizacij ter projekta samega. Prav tako smo obravnavali koncept obrti; kaj razumemo pod tem pojmom in katere oblike obrti obstajajo v na\u0161ih dr\u017eavah.&nbsp;<\/p>\n\n\n\n<p class=\"wp-block-paragraph\">Bil je zanimiv proces, saj smo na ta na\u010din vsi uspeli dose\u010di enotno razumevanje. Razmi\u0161ljali smo tudi o tem, da obstajajo klasi\u010dne obrti (ki predstavljajo kulturno dedi\u0161\u010dino dr\u017eave) in moderne obrti, ter se odlo\u010dili raziskati obe v okviru projekta Curae, da bi mladi pridobili \u0161ir\u0161i vpogled v mo\u017enosti rokodelstva in morda nove ustvarjalne ideje za zaposlitvene prilo\u017enosti.<\/p>\n\n\n\n<p class=\"wp-block-paragraph\">Med prvim pripravljalnim sestankom smo se dogovorili tudi, kako bomo sodelovali, dolo\u010dili naslednje projektne dogodke, kraje, kjer bodo potekali, in kaj \u017eelimo dose\u010di skozi celoten projekt.<\/p>\n\n\n\n<div class=\"wp-block-qi-blocks-spacer qodef-block-container qodef-block-a71bcb6a\"><div class=\"qi-block-spacer qodef-block qodef-m\"><\/div><\/div>\n\n\n\n<h5 class=\"wp-block-heading\">Prvi trening \u2013 Idrija, Slovenija (5. \u2013 11. 4. 2022)<\/h5>\n\n\n\n<p class=\"wp-block-paragraph\">Prvi trening je potekal doma, v Idriji. Prvo usposabljanje je bilo zasnovano z namenom priprave prvih udele\u017eencev projekta Curae za drugo usposabljanje in izmenjavo, s \u010dimer smo ustvarili proces prena\u0161anja pridobljenih izku\u0161enj in znanja, ki se lahko deli in \u0161iri med vsemi, ki se spoznavajo s projektom Curae. <\/p>\n\n\n\n<p class=\"wp-block-paragraph\">Dogodek \u00bbLet\u2019s Talk Crafts\u00ab je bil osredoto\u010den na naslednje teme:<\/p>\n\n\n\n<div class=\"wp-block-media-text has-media-on-the-right is-stacked-on-mobile\"><div class=\"wp-block-media-text__content\">\n<ul class=\"wp-block-list\">\n<li>Sre\u010danje z lokalnimi obrtnikii in u\u010denje od njih.<\/li>\n\n\n\n<li>Kak\u0161en je moj u\u010dni stil?<\/li>\n\n\n\n<li>Kako prepoznati posameznikove kvalitete?<\/li>\n\n\n\n<li>Kako uporabiti svoje kvalitete za u\u010denje od drugih?<\/li>\n\n\n\n<li>Kako spoznati razli\u010dne u\u010dne stile in razli\u010dne kulture?<\/li>\n\n\n\n<li>Me\u0161anje z drugimi u\u010dnimi stili.<\/li>\n\n\n\n<li>Kako se u\u010diti od nekoga, ki ima druga\u010den u\u010dni stil kot jaz?<\/li>\n\n\n\n<li>Ustrezna komunikacija pri delu z drugimi.<\/li>\n\n\n\n<li>Podajanje in sprejemanje informacij, kako so informacije lahko razumljene?<\/li>\n\n\n\n<li>Sre\u010danje z lokalnimi obrtniki in u\u010denje od njih.<\/li>\n<\/ul>\n<\/div><figure class=\"wp-block-media-text__media\"><img data-recalc-dims=\"1\" fetchpriority=\"high\" decoding=\"async\" width=\"770\" height=\"433\" data-attachment-id=\"2278\" data-permalink=\"https:\/\/mcidrija.si\/en\/2024\/11\/01\/curae-caring-for-the-continuation-of-vintage-crafts\/image-4\/\" data-orig-file=\"https:\/\/i0.wp.com\/mcidrija.si\/wp-content\/uploads\/2024\/11\/image.png?fit=770%2C433&amp;ssl=1\" data-orig-size=\"770,433\" data-comments-opened=\"1\" data-image-meta=\"{&quot;aperture&quot;:&quot;0&quot;,&quot;credit&quot;:&quot;&quot;,&quot;camera&quot;:&quot;&quot;,&quot;caption&quot;:&quot;&quot;,&quot;created_timestamp&quot;:&quot;0&quot;,&quot;copyright&quot;:&quot;&quot;,&quot;focal_length&quot;:&quot;0&quot;,&quot;iso&quot;:&quot;0&quot;,&quot;shutter_speed&quot;:&quot;0&quot;,&quot;title&quot;:&quot;&quot;,&quot;orientation&quot;:&quot;0&quot;}\" data-image-title=\"image\" data-image-description=\"\" data-image-caption=\"\" data-large-file=\"https:\/\/i0.wp.com\/mcidrija.si\/wp-content\/uploads\/2024\/11\/image.png?fit=770%2C433&amp;ssl=1\" src=\"https:\/\/i0.wp.com\/mcidrija.si\/wp-content\/uploads\/2024\/11\/image.png?resize=770%2C433&#038;ssl=1\" alt=\"\" class=\"wp-image-2278 size-full\" srcset=\"https:\/\/i0.wp.com\/mcidrija.si\/wp-content\/uploads\/2024\/11\/image.png?w=770&amp;ssl=1 770w, https:\/\/i0.wp.com\/mcidrija.si\/wp-content\/uploads\/2024\/11\/image.png?resize=300%2C169&amp;ssl=1 300w, https:\/\/i0.wp.com\/mcidrija.si\/wp-content\/uploads\/2024\/11\/image.png?resize=768%2C432&amp;ssl=1 768w\" sizes=\"(max-width: 770px) 100vw, 770px\" \/><\/figure><\/div>\n\n\n\n<p class=\"wp-block-paragraph\">Ve\u010d o treningu: <a href=\"https:\/\/t.ly\/mus2w\">https:\/\/t.ly\/mus2w<\/a>&nbsp;&nbsp;<\/p>\n\n\n\n<div class=\"wp-block-qi-blocks-spacer qodef-block-container qodef-block-a71bcb6a\"><div class=\"qi-block-spacer qodef-block qodef-m\"><\/div><\/div>\n\n\n\n<h5 class=\"wp-block-heading\">Prvi \u0161tudijski obisk \u2013 Grasse, Francija (14. \u2013 18. 9. 2022)<\/h5>\n\n\n\n<div class=\"wp-block-media-text has-media-on-the-right is-stacked-on-mobile\"><div class=\"wp-block-media-text__content\">\n<p class=\"wp-block-paragraph\">Drugo sre\u010danje je potekalo med 14. in 18. septembrom v idili\u010dni vasici Grasse v Franciji. Sre\u010danje je bilo namenjeno opazovanju mojstrov pri delu.&nbsp; Kako svojo obrt predstaviti in jo narediti tr\u017eno zanimivo ter ji dvigniti dodano vrednost, namenjeno pa je bilo ustvarjalcem in mladinskim delavcem, ki znanje obrti podajajo mlaj\u0161im generacijam.<\/p>\n\n\n\n<p class=\"wp-block-paragraph\">Slovenska prisotnost je zaradi bolezni visela na nitki, a na koncu nam je le uspelo zbrati ekipo, ki ji ni bilo \u017eal, da je v zadnjem trenutku zagrabila prilo\u017enost in se pridru\u017eila projektu Curae. Na pot so se odpravili: Ur\u0161ka, Andrejka in Matja\u017e.<\/p>\n<\/div><figure class=\"wp-block-media-text__media\"><img data-recalc-dims=\"1\" decoding=\"async\" width=\"1024\" height=\"683\" data-attachment-id=\"2283\" data-permalink=\"https:\/\/mcidrija.si\/en\/2024\/11\/01\/curae-caring-for-the-continuation-of-vintage-crafts\/img_7790\/\" data-orig-file=\"https:\/\/i0.wp.com\/mcidrija.si\/wp-content\/uploads\/2024\/11\/IMG_7790.jpg?fit=5472%2C3648&amp;ssl=1\" data-orig-size=\"5472,3648\" data-comments-opened=\"1\" data-image-meta=\"{&quot;aperture&quot;:&quot;4&quot;,&quot;credit&quot;:&quot;E. de Vries&quot;,&quot;camera&quot;:&quot;Canon EOS 6D&quot;,&quot;caption&quot;:&quot;&quot;,&quot;created_timestamp&quot;:&quot;1663235694&quot;,&quot;copyright&quot;:&quot;&quot;,&quot;focal_length&quot;:&quot;28&quot;,&quot;iso&quot;:&quot;1600&quot;,&quot;shutter_speed&quot;:&quot;0.008&quot;,&quot;title&quot;:&quot;&quot;,&quot;orientation&quot;:&quot;1&quot;}\" data-image-title=\"IMG_7790\" data-image-description=\"\" data-image-caption=\"\" data-large-file=\"https:\/\/i0.wp.com\/mcidrija.si\/wp-content\/uploads\/2024\/11\/IMG_7790.jpg?fit=1024%2C683&amp;ssl=1\" src=\"https:\/\/i0.wp.com\/mcidrija.si\/wp-content\/uploads\/2024\/11\/IMG_7790.jpg?resize=1024%2C683&#038;ssl=1\" alt=\"\" class=\"wp-image-2283 size-full\" srcset=\"https:\/\/i0.wp.com\/mcidrija.si\/wp-content\/uploads\/2024\/11\/IMG_7790.jpg?resize=1024%2C683&amp;ssl=1 1024w, https:\/\/i0.wp.com\/mcidrija.si\/wp-content\/uploads\/2024\/11\/IMG_7790.jpg?resize=300%2C200&amp;ssl=1 300w, https:\/\/i0.wp.com\/mcidrija.si\/wp-content\/uploads\/2024\/11\/IMG_7790.jpg?resize=768%2C512&amp;ssl=1 768w, https:\/\/i0.wp.com\/mcidrija.si\/wp-content\/uploads\/2024\/11\/IMG_7790.jpg?resize=1536%2C1024&amp;ssl=1 1536w, https:\/\/i0.wp.com\/mcidrija.si\/wp-content\/uploads\/2024\/11\/IMG_7790.jpg?resize=2048%2C1365&amp;ssl=1 2048w, https:\/\/i0.wp.com\/mcidrija.si\/wp-content\/uploads\/2024\/11\/IMG_7790.jpg?resize=1200%2C800&amp;ssl=1 1200w, https:\/\/i0.wp.com\/mcidrija.si\/wp-content\/uploads\/2024\/11\/IMG_7790.jpg?w=3000&amp;ssl=1 3000w\" sizes=\"(max-width: 1000px) 100vw, 1000px\" \/><\/figure><\/div>\n\n\n\n<p class=\"wp-block-paragraph\">Tako so predstavili svoja do\u017eivetja.<\/p>\n\n\n\n<p class=\"wp-block-paragraph\">UR\u0160KA: <a href=\"https:\/\/mcidrija.si\/en\/novice\/item\/1628-curae-kako-smo-se-imeli-v-gisse-ju.html\/\">MOJ DE\u017dNIK JE LAHKO BALON<\/a>ANDREJKA: <a href=\"https:\/\/mcidrija.si\/en\/novice\/item\/1648-curae-kako-smo-se-imeli-v-gisse-ju.html\/\">NA OBISKU PRI FRANCOSKIH MOJSTRIH OBRTI<\/a><\/p>\n\n\n\n<p class=\"wp-block-paragraph\">Ve\u010d o \u0161tudijskem obisku: <a href=\"https:\/\/t.ly\/wL98I\">https:\/\/t.ly\/wL98I<\/a><\/p>\n\n\n\n<div class=\"wp-block-qi-blocks-spacer qodef-block-container qodef-block-a71bcb6a\"><div class=\"qi-block-spacer qodef-block qodef-m\"><\/div><\/div>\n\n\n\n<h5 class=\"wp-block-heading\">Drugi partnerski sestanek \u2013 Cascais, Portugalska (16. \u2013 18. 12. 2022)<\/h5>\n\n\n\n<div class=\"wp-block-media-text has-media-on-the-right is-stacked-on-mobile\" style=\"grid-template-columns:auto 18%\"><div class=\"wp-block-media-text__content\">\n<p class=\"wp-block-paragraph\">Na drugem partnerskem sestanku smo se partnerske organizacije sre\u010dale na Portugalskem, v mestu Cascais, kjer smo podale posodobitve o poteku projekta in dose\u017ekih do zdaj. Opravile smo kratko evalvacijo preteklih aktivnosti ter izpostavile klju\u010dne to\u010dke za izbolj\u0161ave. Poleg tega smo se dogovorile o prihajajo\u010dih dogodkih in naslednjih korakih za uspe\u0161no izvedbo projekta.<\/p>\n<\/div><figure class=\"wp-block-media-text__media\"><img data-recalc-dims=\"1\" decoding=\"async\" width=\"1024\" height=\"1024\" data-attachment-id=\"2288\" data-permalink=\"https:\/\/mcidrija.si\/en\/2024\/11\/01\/curae-caring-for-the-continuation-of-vintage-crafts\/img_2897\/\" data-orig-file=\"https:\/\/i0.wp.com\/mcidrija.si\/wp-content\/uploads\/2024\/11\/IMG_2897.jpg?fit=2827%2C2827&amp;ssl=1\" data-orig-size=\"2827,2827\" data-comments-opened=\"1\" data-image-meta=\"{&quot;aperture&quot;:&quot;1.8&quot;,&quot;credit&quot;:&quot;&quot;,&quot;camera&quot;:&quot;iPhone 13 Pro&quot;,&quot;caption&quot;:&quot;&quot;,&quot;created_timestamp&quot;:&quot;1671295508&quot;,&quot;copyright&quot;:&quot;&quot;,&quot;focal_length&quot;:&quot;1.57&quot;,&quot;iso&quot;:&quot;80&quot;,&quot;shutter_speed&quot;:&quot;0.01010101010101&quot;,&quot;title&quot;:&quot;&quot;,&quot;orientation&quot;:&quot;0&quot;}\" data-image-title=\"IMG_2897\" data-image-description=\"\" data-image-caption=\"\" data-large-file=\"https:\/\/i0.wp.com\/mcidrija.si\/wp-content\/uploads\/2024\/11\/IMG_2897.jpg?fit=1024%2C1024&amp;ssl=1\" src=\"https:\/\/i0.wp.com\/mcidrija.si\/wp-content\/uploads\/2024\/11\/IMG_2897.jpg?resize=1024%2C1024&#038;ssl=1\" alt=\"\" class=\"wp-image-2288 size-full\" srcset=\"https:\/\/i0.wp.com\/mcidrija.si\/wp-content\/uploads\/2024\/11\/IMG_2897.jpg?resize=1024%2C1024&amp;ssl=1 1024w, https:\/\/i0.wp.com\/mcidrija.si\/wp-content\/uploads\/2024\/11\/IMG_2897.jpg?resize=300%2C300&amp;ssl=1 300w, https:\/\/i0.wp.com\/mcidrija.si\/wp-content\/uploads\/2024\/11\/IMG_2897.jpg?resize=150%2C150&amp;ssl=1 150w, https:\/\/i0.wp.com\/mcidrija.si\/wp-content\/uploads\/2024\/11\/IMG_2897.jpg?resize=768%2C768&amp;ssl=1 768w, https:\/\/i0.wp.com\/mcidrija.si\/wp-content\/uploads\/2024\/11\/IMG_2897.jpg?resize=1536%2C1536&amp;ssl=1 1536w, https:\/\/i0.wp.com\/mcidrija.si\/wp-content\/uploads\/2024\/11\/IMG_2897.jpg?resize=2048%2C2048&amp;ssl=1 2048w, https:\/\/i0.wp.com\/mcidrija.si\/wp-content\/uploads\/2024\/11\/IMG_2897.jpg?resize=1200%2C1200&amp;ssl=1 1200w, https:\/\/i0.wp.com\/mcidrija.si\/wp-content\/uploads\/2024\/11\/IMG_2897.jpg?resize=800%2C800&amp;ssl=1 800w, https:\/\/i0.wp.com\/mcidrija.si\/wp-content\/uploads\/2024\/11\/IMG_2897.jpg?resize=600%2C600&amp;ssl=1 600w, https:\/\/i0.wp.com\/mcidrija.si\/wp-content\/uploads\/2024\/11\/IMG_2897.jpg?resize=400%2C400&amp;ssl=1 400w, https:\/\/i0.wp.com\/mcidrija.si\/wp-content\/uploads\/2024\/11\/IMG_2897.jpg?resize=200%2C200&amp;ssl=1 200w, https:\/\/i0.wp.com\/mcidrija.si\/wp-content\/uploads\/2024\/11\/IMG_2897.jpg?resize=650%2C650&amp;ssl=1 650w, https:\/\/i0.wp.com\/mcidrija.si\/wp-content\/uploads\/2024\/11\/IMG_2897.jpg?resize=1300%2C1300&amp;ssl=1 1300w\" sizes=\"(max-width: 1000px) 100vw, 1000px\" \/><\/figure><\/div>\n\n\n\n<div class=\"wp-block-qi-blocks-spacer qodef-block-container qodef-block-a71bcb6a\"><div class=\"qi-block-spacer qodef-block qodef-m\"><\/div><\/div>\n\n\n\n<h5 class=\"wp-block-heading\">Drugi \u0161tudijski obisk \u2013 Serres, Gr\u010dija (31. 3. \u2013 3. 4. 2023)<\/h5>\n\n\n\n<div class=\"wp-block-media-text has-media-on-the-right is-stacked-on-mobile\" style=\"grid-template-columns:auto 22%\"><div class=\"wp-block-media-text__content\">\n<p class=\"wp-block-paragraph\">Te dni smo na \u0161tudijskem obisku v Gr\u010diji (v mestu Serres). Fokus \u0161tudijskega obiska je spoznavanje na\u010dinov in ovir pri prenosu znanj in obrti med generacijami. Poleg tega je obisk namenjen tudi spoznavanju procesa modernizacije starih obrti skozi \u010das (od primitivnih na\u010dinov do sodobnih, modernih obrtni\u0161kih delavnic).<\/p>\n\n\n\n<p class=\"wp-block-paragraph\">Za namene \u0161tudijskega obiska smo si ogledali delavnico izdelovanja glinenih izdelkov, dru\u017einsko podjetje, ki izdeluje izdelke iz aluminija, delavnico steklenih izdelkov ter dru\u017einsko podjetje, ki proizvaja &#8220;Aknes&#8221; (*tradicionalno sla\u0161\u010dico iz kraja Serres).<\/p>\n<\/div><figure class=\"wp-block-media-text__media\"><img data-recalc-dims=\"1\" loading=\"lazy\" decoding=\"async\" width=\"768\" height=\"1024\" data-attachment-id=\"2290\" data-permalink=\"https:\/\/mcidrija.si\/en\/2024\/11\/01\/curae-caring-for-the-continuation-of-vintage-crafts\/curae-grcija\/\" data-orig-file=\"https:\/\/i0.wp.com\/mcidrija.si\/wp-content\/uploads\/2024\/11\/curae-grcija.jpg?fit=3024%2C4032&amp;ssl=1\" data-orig-size=\"3024,4032\" data-comments-opened=\"1\" data-image-meta=\"{&quot;aperture&quot;:&quot;1.5&quot;,&quot;credit&quot;:&quot;&quot;,&quot;camera&quot;:&quot;iPhone 13 Pro&quot;,&quot;caption&quot;:&quot;&quot;,&quot;created_timestamp&quot;:&quot;1680345910&quot;,&quot;copyright&quot;:&quot;&quot;,&quot;focal_length&quot;:&quot;5.7&quot;,&quot;iso&quot;:&quot;64&quot;,&quot;shutter_speed&quot;:&quot;0.0082644628099174&quot;,&quot;title&quot;:&quot;&quot;,&quot;orientation&quot;:&quot;1&quot;}\" data-image-title=\"curae gr\u010dija\" data-image-description=\"\" data-image-caption=\"\" data-large-file=\"https:\/\/i0.wp.com\/mcidrija.si\/wp-content\/uploads\/2024\/11\/curae-grcija.jpg?fit=768%2C1024&amp;ssl=1\" src=\"https:\/\/i0.wp.com\/mcidrija.si\/wp-content\/uploads\/2024\/11\/curae-grcija.jpg?resize=768%2C1024&#038;ssl=1\" alt=\"\" class=\"wp-image-2290 size-full\" srcset=\"https:\/\/i0.wp.com\/mcidrija.si\/wp-content\/uploads\/2024\/11\/curae-grcija.jpg?resize=768%2C1024&amp;ssl=1 768w, https:\/\/i0.wp.com\/mcidrija.si\/wp-content\/uploads\/2024\/11\/curae-grcija.jpg?resize=225%2C300&amp;ssl=1 225w, https:\/\/i0.wp.com\/mcidrija.si\/wp-content\/uploads\/2024\/11\/curae-grcija.jpg?resize=1152%2C1536&amp;ssl=1 1152w, https:\/\/i0.wp.com\/mcidrija.si\/wp-content\/uploads\/2024\/11\/curae-grcija.jpg?resize=1536%2C2048&amp;ssl=1 1536w, https:\/\/i0.wp.com\/mcidrija.si\/wp-content\/uploads\/2024\/11\/curae-grcija.jpg?resize=900%2C1200&amp;ssl=1 900w, https:\/\/i0.wp.com\/mcidrija.si\/wp-content\/uploads\/2024\/11\/curae-grcija.jpg?resize=600%2C800&amp;ssl=1 600w, https:\/\/i0.wp.com\/mcidrija.si\/wp-content\/uploads\/2024\/11\/curae-grcija.jpg?resize=450%2C600&amp;ssl=1 450w, https:\/\/i0.wp.com\/mcidrija.si\/wp-content\/uploads\/2024\/11\/curae-grcija.jpg?resize=300%2C400&amp;ssl=1 300w, https:\/\/i0.wp.com\/mcidrija.si\/wp-content\/uploads\/2024\/11\/curae-grcija.jpg?resize=150%2C200&amp;ssl=1 150w, https:\/\/i0.wp.com\/mcidrija.si\/wp-content\/uploads\/2024\/11\/curae-grcija.jpg?resize=1200%2C1600&amp;ssl=1 1200w, https:\/\/i0.wp.com\/mcidrija.si\/wp-content\/uploads\/2024\/11\/curae-grcija.jpg?w=2000&amp;ssl=1 2000w, https:\/\/i0.wp.com\/mcidrija.si\/wp-content\/uploads\/2024\/11\/curae-grcija.jpg?w=3000&amp;ssl=1 3000w\" sizes=\"(max-width: 768px) 100vw, 768px\" \/><\/figure><\/div>\n\n\n\n<div class=\"wp-block-qi-blocks-spacer qodef-block-container qodef-block-a71bcb6a\"><div class=\"qi-block-spacer qodef-block qodef-m\"><\/div><\/div>\n\n\n\n<h5 class=\"wp-block-heading\">Drugi trening \u2013 Marseille, Francija (14. \u2013 20. 5. 2023)<\/h5>\n\n\n\n<div class=\"wp-block-media-text has-media-on-the-right is-stacked-on-mobile\"><div class=\"wp-block-media-text__content\">\n<p class=\"wp-block-paragraph\">Med 14. in 20. majem so se na\u0161e udele\u017eenke Curae usposabljanja nahajale v <strong>Franciji<\/strong>, v \u010dudovitem mestu Marseille. Tam so se spoznale z razvojem posla po fazah od priprave, preko prepoznavanja vrednosti storitve \/ proizvoda za kupca do marketinga in kompetenc potrebnih za to.<\/p>\n\n\n\n<p class=\"wp-block-paragraph\">Mednarodni <strong>projekt Curae<\/strong>, se sicer ukvarja z ohranjanjem tradicionalnih obrti in s prenosom znanj na mlade. Njihov cilj je opolnomo\u010denje mladih, ki \u017eivijo na pode\u017eelju, da s pomo\u010djo poznavanja starih obrti, z modernizacijo le-teh, ter s pomo\u010djo sodobnih tehnologij prilagodijo obrti na tak na\u010din, da se izbolj\u0161ajo njihove zaposlitvene mo\u017enosti.<\/p>\n<\/div><figure class=\"wp-block-media-text__media\"><img data-recalc-dims=\"1\" loading=\"lazy\" decoding=\"async\" width=\"1024\" height=\"768\" data-attachment-id=\"2293\" data-permalink=\"https:\/\/mcidrija.si\/en\/2024\/11\/01\/curae-caring-for-the-continuation-of-vintage-crafts\/marseille\/\" data-orig-file=\"https:\/\/i0.wp.com\/mcidrija.si\/wp-content\/uploads\/2024\/11\/marseille.jpg?fit=4000%2C3000&amp;ssl=1\" data-orig-size=\"4000,3000\" data-comments-opened=\"1\" data-image-meta=\"{&quot;aperture&quot;:&quot;1.8&quot;,&quot;credit&quot;:&quot;&quot;,&quot;camera&quot;:&quot;MAR-LX1A&quot;,&quot;caption&quot;:&quot;&quot;,&quot;created_timestamp&quot;:&quot;1684145437&quot;,&quot;copyright&quot;:&quot;&quot;,&quot;focal_length&quot;:&quot;4.75&quot;,&quot;iso&quot;:&quot;400&quot;,&quot;shutter_speed&quot;:&quot;0.016666&quot;,&quot;title&quot;:&quot;&quot;,&quot;orientation&quot;:&quot;0&quot;}\" data-image-title=\"marseille\" data-image-description=\"\" data-image-caption=\"\" data-large-file=\"https:\/\/i0.wp.com\/mcidrija.si\/wp-content\/uploads\/2024\/11\/marseille.jpg?fit=1024%2C768&amp;ssl=1\" src=\"https:\/\/i0.wp.com\/mcidrija.si\/wp-content\/uploads\/2024\/11\/marseille.jpg?resize=1024%2C768&#038;ssl=1\" alt=\"\" class=\"wp-image-2293 size-full\" srcset=\"https:\/\/i0.wp.com\/mcidrija.si\/wp-content\/uploads\/2024\/11\/marseille.jpg?resize=1024%2C768&amp;ssl=1 1024w, https:\/\/i0.wp.com\/mcidrija.si\/wp-content\/uploads\/2024\/11\/marseille.jpg?resize=300%2C225&amp;ssl=1 300w, https:\/\/i0.wp.com\/mcidrija.si\/wp-content\/uploads\/2024\/11\/marseille.jpg?resize=768%2C576&amp;ssl=1 768w, https:\/\/i0.wp.com\/mcidrija.si\/wp-content\/uploads\/2024\/11\/marseille.jpg?resize=1536%2C1152&amp;ssl=1 1536w, https:\/\/i0.wp.com\/mcidrija.si\/wp-content\/uploads\/2024\/11\/marseille.jpg?resize=2048%2C1536&amp;ssl=1 2048w, https:\/\/i0.wp.com\/mcidrija.si\/wp-content\/uploads\/2024\/11\/marseille.jpg?resize=1200%2C900&amp;ssl=1 1200w, https:\/\/i0.wp.com\/mcidrija.si\/wp-content\/uploads\/2024\/11\/marseille.jpg?resize=800%2C600&amp;ssl=1 800w, https:\/\/i0.wp.com\/mcidrija.si\/wp-content\/uploads\/2024\/11\/marseille.jpg?resize=600%2C450&amp;ssl=1 600w, https:\/\/i0.wp.com\/mcidrija.si\/wp-content\/uploads\/2024\/11\/marseille.jpg?resize=400%2C300&amp;ssl=1 400w, https:\/\/i0.wp.com\/mcidrija.si\/wp-content\/uploads\/2024\/11\/marseille.jpg?resize=200%2C150&amp;ssl=1 200w, https:\/\/i0.wp.com\/mcidrija.si\/wp-content\/uploads\/2024\/11\/marseille.jpg?w=3000&amp;ssl=1 3000w\" sizes=\"(max-width: 1000px) 100vw, 1000px\" \/><\/figure><\/div>\n\n\n\n<p class=\"wp-block-paragraph\">Vse udele\u017eenke se strinjajo, da je bilo usposabljanje zanje zelo <strong>dragocena izku\u0161nja<\/strong>, ve\u010d o samih vtisih treninga, pa si lahko preberete <a href=\"https:\/\/mcidrija.si\/en\/novice\/item\/1796-z-dragocenimi-izku%C5%A1njami-iz-enotedenskega-treninga-v-franciji.html\/\">tukaj<\/a>.&nbsp;<\/p>\n\n\n\n<div class=\"wp-block-qi-blocks-spacer qodef-block-container qodef-block-a71bcb6a\"><div class=\"qi-block-spacer qodef-block qodef-m\"><\/div><\/div>\n\n\n\n<h5 class=\"wp-block-heading\">Tretji partnerski sestanek \u2013 Emmen, Nizozemska (19. \u2013 21. 1. 2024)<\/h5>\n\n\n\n<div class=\"wp-block-media-text has-media-on-the-right is-stacked-on-mobile\" style=\"grid-template-columns:auto 37%\"><div class=\"wp-block-media-text__content\">\n<p class=\"wp-block-paragraph\">Na tretjem partnerskem sestanku na Nizozemskem smo razpravljali o prihodnjih aktivnostih, saj se je projekt bli\u017eal zaklju\u010dku. Razpravljali smo o kon\u010dnem produktu projekta in iskali ideje, kako ga predstaviti javnosti.. Pogovarjali smo se tudi o organizaciji prihajajo\u010dih dogodkov, vklju\u010dno s \u0161tudijskim obiskom v Idriji, mladinsko izmenjavo na Nizozemskem ter zadnjim partnerskim sestankom v Italiji.<\/p>\n\n\n\n<p class=\"wp-block-paragraph\">Ve\u010d o sestanku si lahko prebere\u0161 <a href=\"https:\/\/shorturl.at\/80C6x\">tukaj<\/a>.<\/p>\n<\/div><figure class=\"wp-block-media-text__media\"><img data-recalc-dims=\"1\" loading=\"lazy\" decoding=\"async\" width=\"1024\" height=\"768\" data-attachment-id=\"2296\" data-permalink=\"https:\/\/mcidrija.si\/en\/2024\/11\/01\/curae-caring-for-the-continuation-of-vintage-crafts\/nizozemska-curae\/\" data-orig-file=\"https:\/\/i0.wp.com\/mcidrija.si\/wp-content\/uploads\/2024\/11\/nizozemska-curae.jpg?fit=1600%2C1200&amp;ssl=1\" data-orig-size=\"1600,1200\" data-comments-opened=\"1\" data-image-meta=\"{&quot;aperture&quot;:&quot;0&quot;,&quot;credit&quot;:&quot;&quot;,&quot;camera&quot;:&quot;&quot;,&quot;caption&quot;:&quot;&quot;,&quot;created_timestamp&quot;:&quot;0&quot;,&quot;copyright&quot;:&quot;&quot;,&quot;focal_length&quot;:&quot;0&quot;,&quot;iso&quot;:&quot;0&quot;,&quot;shutter_speed&quot;:&quot;0&quot;,&quot;title&quot;:&quot;&quot;,&quot;orientation&quot;:&quot;0&quot;}\" data-image-title=\"nizozemska curae\" data-image-description=\"\" data-image-caption=\"\" data-large-file=\"https:\/\/i0.wp.com\/mcidrija.si\/wp-content\/uploads\/2024\/11\/nizozemska-curae.jpg?fit=1024%2C768&amp;ssl=1\" src=\"https:\/\/i0.wp.com\/mcidrija.si\/wp-content\/uploads\/2024\/11\/nizozemska-curae.jpg?resize=1024%2C768&#038;ssl=1\" alt=\"\" class=\"wp-image-2296 size-full\" srcset=\"https:\/\/i0.wp.com\/mcidrija.si\/wp-content\/uploads\/2024\/11\/nizozemska-curae.jpg?resize=1024%2C768&amp;ssl=1 1024w, https:\/\/i0.wp.com\/mcidrija.si\/wp-content\/uploads\/2024\/11\/nizozemska-curae.jpg?resize=300%2C225&amp;ssl=1 300w, https:\/\/i0.wp.com\/mcidrija.si\/wp-content\/uploads\/2024\/11\/nizozemska-curae.jpg?resize=768%2C576&amp;ssl=1 768w, https:\/\/i0.wp.com\/mcidrija.si\/wp-content\/uploads\/2024\/11\/nizozemska-curae.jpg?resize=1536%2C1152&amp;ssl=1 1536w, https:\/\/i0.wp.com\/mcidrija.si\/wp-content\/uploads\/2024\/11\/nizozemska-curae.jpg?resize=1200%2C900&amp;ssl=1 1200w, https:\/\/i0.wp.com\/mcidrija.si\/wp-content\/uploads\/2024\/11\/nizozemska-curae.jpg?resize=800%2C600&amp;ssl=1 800w, https:\/\/i0.wp.com\/mcidrija.si\/wp-content\/uploads\/2024\/11\/nizozemska-curae.jpg?resize=600%2C450&amp;ssl=1 600w, https:\/\/i0.wp.com\/mcidrija.si\/wp-content\/uploads\/2024\/11\/nizozemska-curae.jpg?resize=400%2C300&amp;ssl=1 400w, https:\/\/i0.wp.com\/mcidrija.si\/wp-content\/uploads\/2024\/11\/nizozemska-curae.jpg?resize=200%2C150&amp;ssl=1 200w, https:\/\/i0.wp.com\/mcidrija.si\/wp-content\/uploads\/2024\/11\/nizozemska-curae.jpg?w=1600&amp;ssl=1 1600w\" sizes=\"(max-width: 1000px) 100vw, 1000px\" \/><\/figure><\/div>\n\n\n\n<div class=\"wp-block-qi-blocks-spacer qodef-block-container qodef-block-a71bcb6a\"><div class=\"qi-block-spacer qodef-block qodef-m\"><\/div><\/div>\n\n\n\n<h5 class=\"wp-block-heading\">Tretji \u0161tudijski obisk \u2013 Idrija, Slovenija (22. \u2013 25. 3. 2024)<\/h5>\n\n\n\n<div class=\"wp-block-media-text has-media-on-the-right is-stacked-on-mobile\" style=\"grid-template-columns:auto 23%\"><div class=\"wp-block-media-text__content\">\n<p class=\"wp-block-paragraph\">Ker so bili udele\u017eenci prvega treninga navdu\u0161eni nad Idrijo, smo se odlo\u010dili za organizacijo tretjega \u0161tudijskega obiska tudi kar pri nam.. Obiskali smo Rokodelski center \u0160kofja Loka, kjer smo spoznali bogato tradicijo rokodelstva. Pod vodstvom Dru\u0161tva klekljaric idrijske \u010dipke smo se preizkusili v klekljanju, naslednji dan pa&nbsp; prisluhnili predavanju o prodaji ro\u010dnih izdelkov v digitalnem svetu. Udele\u017eenci smo se tudi sami preizkusili v pripravi idrijskih \u017elikrofov in drugih tradicionalnih idrijskih jedi. Za konec smo obiskali \u0161e Pivovarno Zajc, kjer smo prisluhnili zgodbi o tem, kako spremeniti hobi v uspe\u0161en posel.<\/p>\n\n\n\n<p class=\"wp-block-paragraph\">Ve\u010d o \u0161tudijskem obisku si lahko prebere\u0161 <a href=\"https:\/\/shorturl.at\/arkPF\">tukaj<\/a>.<\/p>\n<\/div><figure class=\"wp-block-media-text__media\"><img data-recalc-dims=\"1\" loading=\"lazy\" decoding=\"async\" width=\"768\" height=\"1024\" data-attachment-id=\"2299\" data-permalink=\"https:\/\/mcidrija.si\/en\/2024\/11\/01\/curae-caring-for-the-continuation-of-vintage-crafts\/idrija-curae\/\" data-orig-file=\"https:\/\/i0.wp.com\/mcidrija.si\/wp-content\/uploads\/2024\/11\/idrija-curae.jpg?fit=3024%2C4032&amp;ssl=1\" data-orig-size=\"3024,4032\" data-comments-opened=\"1\" data-image-meta=\"{&quot;aperture&quot;:&quot;1.5&quot;,&quot;credit&quot;:&quot;&quot;,&quot;camera&quot;:&quot;iPhone 13 Pro&quot;,&quot;caption&quot;:&quot;&quot;,&quot;created_timestamp&quot;:&quot;1711194359&quot;,&quot;copyright&quot;:&quot;&quot;,&quot;focal_length&quot;:&quot;5.7&quot;,&quot;iso&quot;:&quot;50&quot;,&quot;shutter_speed&quot;:&quot;0.0011904761904762&quot;,&quot;title&quot;:&quot;&quot;,&quot;orientation&quot;:&quot;1&quot;}\" data-image-title=\"idrija curae\" data-image-description=\"\" data-image-caption=\"\" data-large-file=\"https:\/\/i0.wp.com\/mcidrija.si\/wp-content\/uploads\/2024\/11\/idrija-curae.jpg?fit=768%2C1024&amp;ssl=1\" src=\"https:\/\/i0.wp.com\/mcidrija.si\/wp-content\/uploads\/2024\/11\/idrija-curae.jpg?resize=768%2C1024&#038;ssl=1\" alt=\"\" class=\"wp-image-2299 size-full\" srcset=\"https:\/\/i0.wp.com\/mcidrija.si\/wp-content\/uploads\/2024\/11\/idrija-curae.jpg?resize=768%2C1024&amp;ssl=1 768w, https:\/\/i0.wp.com\/mcidrija.si\/wp-content\/uploads\/2024\/11\/idrija-curae.jpg?resize=225%2C300&amp;ssl=1 225w, https:\/\/i0.wp.com\/mcidrija.si\/wp-content\/uploads\/2024\/11\/idrija-curae.jpg?resize=1152%2C1536&amp;ssl=1 1152w, https:\/\/i0.wp.com\/mcidrija.si\/wp-content\/uploads\/2024\/11\/idrija-curae.jpg?resize=1536%2C2048&amp;ssl=1 1536w, https:\/\/i0.wp.com\/mcidrija.si\/wp-content\/uploads\/2024\/11\/idrija-curae.jpg?resize=900%2C1200&amp;ssl=1 900w, https:\/\/i0.wp.com\/mcidrija.si\/wp-content\/uploads\/2024\/11\/idrija-curae.jpg?resize=600%2C800&amp;ssl=1 600w, https:\/\/i0.wp.com\/mcidrija.si\/wp-content\/uploads\/2024\/11\/idrija-curae.jpg?resize=450%2C600&amp;ssl=1 450w, https:\/\/i0.wp.com\/mcidrija.si\/wp-content\/uploads\/2024\/11\/idrija-curae.jpg?resize=300%2C400&amp;ssl=1 300w, https:\/\/i0.wp.com\/mcidrija.si\/wp-content\/uploads\/2024\/11\/idrija-curae.jpg?resize=150%2C200&amp;ssl=1 150w, https:\/\/i0.wp.com\/mcidrija.si\/wp-content\/uploads\/2024\/11\/idrija-curae.jpg?resize=1200%2C1600&amp;ssl=1 1200w, https:\/\/i0.wp.com\/mcidrija.si\/wp-content\/uploads\/2024\/11\/idrija-curae.jpg?w=2000&amp;ssl=1 2000w, https:\/\/i0.wp.com\/mcidrija.si\/wp-content\/uploads\/2024\/11\/idrija-curae.jpg?w=3000&amp;ssl=1 3000w\" sizes=\"(max-width: 768px) 100vw, 768px\" \/><\/figure><\/div>\n\n\n\n<div class=\"wp-block-qi-blocks-spacer qodef-block-container qodef-block-a71bcb6a\"><div class=\"qi-block-spacer qodef-block qodef-m\"><\/div><\/div>\n\n\n\n<h5 class=\"wp-block-heading\">Mladinska izmenjava Crafts of Europe \u2013 Gasselternijveen, Nizozemska (22. 4. \u2013 3. 5. 2024)<\/h5>\n\n\n\n<div class=\"wp-block-media-text has-media-on-the-right is-stacked-on-mobile\" style=\"grid-template-columns:auto 34%\"><div class=\"wp-block-media-text__content\">\n<p class=\"wp-block-paragraph\">Mladinska izmenjava je potekala na Nizozemskem. Na projektu je sodelovalo 30 mladih iz vseh \u0161estih dr\u017eav partnerskih organizacij.. Mladi so deset dni pre\u017eiveli v skupnem gospodinjstvu, kjer so se imeli prilo\u017enost podrobneje spoznati, deliti medsebojne izku\u0161nje in znanja ter seveda u\u017eivati v ustvarjanju spominov.<\/p>\n\n\n\n<p class=\"wp-block-paragraph\">Mladinska izmenjava je bila razdeljena na <strong>dva dela<\/strong>.<\/p>\n<\/div><figure class=\"wp-block-media-text__media\"><img data-recalc-dims=\"1\" loading=\"lazy\" decoding=\"async\" width=\"1024\" height=\"678\" data-attachment-id=\"2303\" data-permalink=\"https:\/\/mcidrija.si\/en\/2024\/11\/01\/curae-caring-for-the-continuation-of-vintage-crafts\/nizozemska-curae-izm\/\" data-orig-file=\"https:\/\/i0.wp.com\/mcidrija.si\/wp-content\/uploads\/2024\/11\/nizozemska-curae-izm.jpg?fit=2000%2C1324&amp;ssl=1\" data-orig-size=\"2000,1324\" data-comments-opened=\"1\" data-image-meta=\"{&quot;aperture&quot;:&quot;0&quot;,&quot;credit&quot;:&quot;&quot;,&quot;camera&quot;:&quot;&quot;,&quot;caption&quot;:&quot;&quot;,&quot;created_timestamp&quot;:&quot;0&quot;,&quot;copyright&quot;:&quot;&quot;,&quot;focal_length&quot;:&quot;0&quot;,&quot;iso&quot;:&quot;0&quot;,&quot;shutter_speed&quot;:&quot;0&quot;,&quot;title&quot;:&quot;&quot;,&quot;orientation&quot;:&quot;0&quot;}\" data-image-title=\"nizozemska curae izm\" data-image-description=\"\" data-image-caption=\"\" data-large-file=\"https:\/\/i0.wp.com\/mcidrija.si\/wp-content\/uploads\/2024\/11\/nizozemska-curae-izm.jpg?fit=1024%2C678&amp;ssl=1\" src=\"https:\/\/i0.wp.com\/mcidrija.si\/wp-content\/uploads\/2024\/11\/nizozemska-curae-izm.jpg?resize=1024%2C678&#038;ssl=1\" alt=\"\" class=\"wp-image-2303 size-full\" srcset=\"https:\/\/i0.wp.com\/mcidrija.si\/wp-content\/uploads\/2024\/11\/nizozemska-curae-izm.jpg?resize=1024%2C678&amp;ssl=1 1024w, https:\/\/i0.wp.com\/mcidrija.si\/wp-content\/uploads\/2024\/11\/nizozemska-curae-izm.jpg?resize=300%2C199&amp;ssl=1 300w, https:\/\/i0.wp.com\/mcidrija.si\/wp-content\/uploads\/2024\/11\/nizozemska-curae-izm.jpg?resize=768%2C508&amp;ssl=1 768w, https:\/\/i0.wp.com\/mcidrija.si\/wp-content\/uploads\/2024\/11\/nizozemska-curae-izm.jpg?resize=1536%2C1017&amp;ssl=1 1536w, https:\/\/i0.wp.com\/mcidrija.si\/wp-content\/uploads\/2024\/11\/nizozemska-curae-izm.jpg?resize=1200%2C794&amp;ssl=1 1200w, https:\/\/i0.wp.com\/mcidrija.si\/wp-content\/uploads\/2024\/11\/nizozemska-curae-izm.jpg?w=2000&amp;ssl=1 2000w\" sizes=\"(max-width: 1000px) 100vw, 1000px\" \/><\/figure><\/div>\n\n\n\n<p class=\"wp-block-paragraph\">V prvem delu so udele\u017eenci skozi obrti in umetnost spoznavali pomembnost sodelovanja, komunikacije, prevzemanja pobude in iniciative ter razre\u0161evanja konfliktov &#8211; vse ve\u0161\u010dine, ki so klju\u010dne za mlade ob vstopu v odrasli svet. Ta znanja so nato koristila tudi v drugem delu izmenjave, kjer so bili udele\u017eenci razdeljeni v \u0161tiri skupine. Vsaka skupina je imela nekaj dni \u010dasa, da za prebivalce kraja Emmen na Nizozemskem <strong>organizira ustvarjalno delavnico po svoji izbiri.<\/strong><\/p>\n\n\n\n<p class=\"wp-block-paragraph\">Vse znanje, pridobljeno v prvih petih dneh, tako ustvarjalno kot glede ve\u0161\u010din, so morali uporabiti pri organizaciji dogodka. Delavnice so organizirali samostojno ob podpori trenerjev glavne organizacije.<\/p>\n\n\n\n<p class=\"wp-block-paragraph\">Ve\u010d o izmenjavi si lahko prebere\u0161 <a href=\"https:\/\/shorturl.at\/6TMif\">tukaj<\/a>.<\/p>\n\n\n\n<div class=\"wp-block-qi-blocks-spacer qodef-block-container qodef-block-a71bcb6a\"><div class=\"qi-block-spacer qodef-block qodef-m\"><\/div><\/div>\n\n\n\n<h5 class=\"wp-block-heading\">Zadnji partnerski sestanek \u2013 Bologna, Italija (18. \u2013 21. 10. 2024)<\/h5>\n\n\n\n<div class=\"wp-block-media-text has-media-on-the-right is-stacked-on-mobile\" style=\"grid-template-columns:auto 48%\"><div class=\"wp-block-media-text__content\">\n<p class=\"wp-block-paragraph\">Na zadnjem partnerskem sestanku smo opravili kratko evalvacijo \u2013 preverili smo, ali smo dosegli zastavljene cilje in kako je projekt vplival na udele\u017eence. Ocenili smo tudi sodelovanje med partnerji ter se pogovorili, ali bi bilo kaj smiselno izbolj\u0161ati. Poleg tega smo pregledali, kaj je \u0161e potrebno za kon\u010dno poro\u010dilo ob zaklju\u010dku projekta, ter razdelili naloge med partnerji.<\/p>\n\n\n\n<p class=\"wp-block-paragraph\">Ugotovili smo, da je bilo medsebojno sodelovanje med partnerji uspe\u0161no, in vsi smo izrazili zanimanje za morebitna prihodnja sodelovanja. Izmenjava izku\u0161enj in vtisov je pokazala, da je projekt Curae pustil za seboj ne le veliko nasmejanih obrazov, ampak tudi \u0161tevilna pomembna spoznanja.<\/p>\n\n\n\n<p class=\"wp-block-paragraph\">Ve\u010d o partnerskem sestanku si lahko prebere\u0161 <a href=\"https:\/\/shorturl.at\/rzaJ9\">tukaj<\/a>. &nbsp; &nbsp;<\/p>\n<\/div><figure class=\"wp-block-media-text__media\"><img data-recalc-dims=\"1\" loading=\"lazy\" decoding=\"async\" width=\"737\" height=\"737\" data-attachment-id=\"2308\" data-permalink=\"https:\/\/mcidrija.si\/en\/2024\/11\/01\/curae-caring-for-the-continuation-of-vintage-crafts\/bologna_curae\/\" data-orig-file=\"https:\/\/i0.wp.com\/mcidrija.si\/wp-content\/uploads\/2024\/11\/bologna_curae.jpg?fit=737%2C737&amp;ssl=1\" data-orig-size=\"737,737\" data-comments-opened=\"1\" data-image-meta=\"{&quot;aperture&quot;:&quot;0&quot;,&quot;credit&quot;:&quot;&quot;,&quot;camera&quot;:&quot;&quot;,&quot;caption&quot;:&quot;&quot;,&quot;created_timestamp&quot;:&quot;1729702344&quot;,&quot;copyright&quot;:&quot;&quot;,&quot;focal_length&quot;:&quot;0&quot;,&quot;iso&quot;:&quot;0&quot;,&quot;shutter_speed&quot;:&quot;0&quot;,&quot;title&quot;:&quot;&quot;,&quot;orientation&quot;:&quot;1&quot;}\" data-image-title=\"bologna_curae\" data-image-description=\"\" data-image-caption=\"\" data-large-file=\"https:\/\/i0.wp.com\/mcidrija.si\/wp-content\/uploads\/2024\/11\/bologna_curae.jpg?fit=737%2C737&amp;ssl=1\" src=\"https:\/\/i0.wp.com\/mcidrija.si\/wp-content\/uploads\/2024\/11\/bologna_curae.jpg?resize=737%2C737&#038;ssl=1\" alt=\"\" class=\"wp-image-2308 size-full\" srcset=\"https:\/\/i0.wp.com\/mcidrija.si\/wp-content\/uploads\/2024\/11\/bologna_curae.jpg?w=737&amp;ssl=1 737w, https:\/\/i0.wp.com\/mcidrija.si\/wp-content\/uploads\/2024\/11\/bologna_curae.jpg?resize=300%2C300&amp;ssl=1 300w, https:\/\/i0.wp.com\/mcidrija.si\/wp-content\/uploads\/2024\/11\/bologna_curae.jpg?resize=150%2C150&amp;ssl=1 150w, https:\/\/i0.wp.com\/mcidrija.si\/wp-content\/uploads\/2024\/11\/bologna_curae.jpg?resize=600%2C600&amp;ssl=1 600w, https:\/\/i0.wp.com\/mcidrija.si\/wp-content\/uploads\/2024\/11\/bologna_curae.jpg?resize=400%2C400&amp;ssl=1 400w, https:\/\/i0.wp.com\/mcidrija.si\/wp-content\/uploads\/2024\/11\/bologna_curae.jpg?resize=200%2C200&amp;ssl=1 200w, https:\/\/i0.wp.com\/mcidrija.si\/wp-content\/uploads\/2024\/11\/bologna_curae.jpg?resize=650%2C650&amp;ssl=1 650w\" sizes=\"(max-width: 737px) 100vw, 737px\" \/><\/figure><\/div>\n\n\n\n<p class=\"wp-block-paragraph\"><\/p>","protected":false},"excerpt":{"rendered":"<p>Opis: Mladinski center Idrija je sodeloval v mednarodnem projektu Curae, ki se ukvarja z&nbsp;ohranjanjem tradicionalnih obrti in na prenos znanj na mlade. Cilj projekta je bil opolnomo\u010denje mladih, ki \u017eivijo na pode\u017eelju, da s pomo\u010djo poznavanja starih obrti, z modernizacijo le-teh, ter s pomo\u010djo sodobnih tehnologij prilagodijo obrti na tak na\u010din, da se izbolj\u0161ajo njihove [&hellip;]<\/p>\n","protected":false},"author":252603206,"featured_media":0,"comment_status":"open","ping_status":"open","sticky":false,"template":"","format":"standard","meta":{"advanced_seo_description":"","jetpack_seo_html_title":"","jetpack_seo_noindex":false,"jetpack_seo_schema_type":"","_jetpack_newsletter_access":"","_jetpack_dont_email_post_to_subs":false,"_jetpack_newsletter_tier_id":0,"_jetpack_memberships_contains_paywalled_content":false,"_wpcom_ai_launchpad_first_post":false,"_jetpack_feature_clip_id":0,"_jetpack_memberships_contains_paid_content":false,"footnotes":"","jetpack_publicize_message":"{title}\n\n{excerpt}\n\n{url}","jetpack_publicize_feature_enabled":true,"jetpack_social_post_already_shared":true,"jetpack_social_options":{"image_generator_settings":{"template":"highway","default_image_id":0,"font":"","enabled":false},"version":2},"_wpas_customize_per_network":false,"jetpack_post_was_ever_published":false},"categories":[1],"tags":[],"class_list":["post-2229","post","type-post","status-publish","format-standard","hentry","category-uncategorized"],"jetpack_publicize_connections":[],"jetpack_likes_enabled":true,"jetpack_sharing_enabled":true,"jetpack_shortlink":"https:\/\/wp.me\/pfSlLi-zX","jetpack-related-posts":[],"jetpack_featured_media_url":"","_links":{"self":[{"href":"https:\/\/mcidrija.si\/en\/wp-json\/wp\/v2\/posts\/2229","targetHints":{"allow":["GET"]}}],"collection":[{"href":"https:\/\/mcidrija.si\/en\/wp-json\/wp\/v2\/posts"}],"about":[{"href":"https:\/\/mcidrija.si\/en\/wp-json\/wp\/v2\/types\/post"}],"author":[{"embeddable":true,"href":"https:\/\/mcidrija.si\/en\/wp-json\/wp\/v2\/users\/252603206"}],"replies":[{"embeddable":true,"href":"https:\/\/mcidrija.si\/en\/wp-json\/wp\/v2\/comments?post=2229"}],"version-history":[{"count":35,"href":"https:\/\/mcidrija.si\/en\/wp-json\/wp\/v2\/posts\/2229\/revisions"}],"predecessor-version":[{"id":3091,"href":"https:\/\/mcidrija.si\/en\/wp-json\/wp\/v2\/posts\/2229\/revisions\/3091"}],"wp:attachment":[{"href":"https:\/\/mcidrija.si\/en\/wp-json\/wp\/v2\/media?parent=2229"}],"wp:term":[{"taxonomy":"category","embeddable":true,"href":"https:\/\/mcidrija.si\/en\/wp-json\/wp\/v2\/categories?post=2229"},{"taxonomy":"post_tag","embeddable":true,"href":"https:\/\/mcidrija.si\/en\/wp-json\/wp\/v2\/tags?post=2229"}],"curies":[{"name":"wp","href":"https:\/\/api.w.org\/{rel}","templated":true}]}}