{"id":2366,"date":"2024-10-29T09:51:00","date_gmt":"2024-10-29T08:51:00","guid":{"rendered":"https:\/\/mcidrija.si\/?p=2366"},"modified":"2024-11-13T10:08:03","modified_gmt":"2024-11-13T09:08:03","slug":"dan-poklicev-in-podjetnistva-2024","status":"publish","type":"post","link":"https:\/\/mcidrija.si\/en\/2024\/10\/29\/dan-poklicev-in-podjetnistva-2024\/","title":{"rendered":"Dan poklicev in podjetni\u0161tva 2024"},"content":{"rendered":"<figure class=\"wp-block-image size-full\"><img data-recalc-dims=\"1\" fetchpriority=\"high\" decoding=\"async\" width=\"770\" height=\"513\" data-attachment-id=\"2367\" data-permalink=\"https:\/\/mcidrija.si\/en\/2024\/10\/29\/dan-poklicev-in-podjetnistva-2024\/f3bfb5a54f8a48fb2e8b2f50d8f9d3a9_l\/\" data-orig-file=\"https:\/\/i0.wp.com\/mcidrija.si\/wp-content\/uploads\/2024\/11\/f3bfb5a54f8a48fb2e8b2f50d8f9d3a9_L.jpg?fit=770%2C513&amp;ssl=1\" data-orig-size=\"770,513\" data-comments-opened=\"1\" data-image-meta=\"{&quot;aperture&quot;:&quot;0&quot;,&quot;credit&quot;:&quot;&quot;,&quot;camera&quot;:&quot;&quot;,&quot;caption&quot;:&quot;&quot;,&quot;created_timestamp&quot;:&quot;0&quot;,&quot;copyright&quot;:&quot;&quot;,&quot;focal_length&quot;:&quot;0&quot;,&quot;iso&quot;:&quot;0&quot;,&quot;shutter_speed&quot;:&quot;0&quot;,&quot;title&quot;:&quot;&quot;,&quot;orientation&quot;:&quot;0&quot;}\" data-image-title=\"f3bfb5a54f8a48fb2e8b2f50d8f9d3a9_L\" data-image-description=\"\" data-image-caption=\"\" data-large-file=\"https:\/\/i0.wp.com\/mcidrija.si\/wp-content\/uploads\/2024\/11\/f3bfb5a54f8a48fb2e8b2f50d8f9d3a9_L.jpg?fit=770%2C513&amp;ssl=1\" src=\"https:\/\/i0.wp.com\/mcidrija.si\/wp-content\/uploads\/2024\/11\/f3bfb5a54f8a48fb2e8b2f50d8f9d3a9_L.jpg?resize=770%2C513&#038;ssl=1\" alt=\"\" class=\"wp-image-2367\" srcset=\"https:\/\/i0.wp.com\/mcidrija.si\/wp-content\/uploads\/2024\/11\/f3bfb5a54f8a48fb2e8b2f50d8f9d3a9_L.jpg?w=770&amp;ssl=1 770w, https:\/\/i0.wp.com\/mcidrija.si\/wp-content\/uploads\/2024\/11\/f3bfb5a54f8a48fb2e8b2f50d8f9d3a9_L.jpg?resize=300%2C200&amp;ssl=1 300w, https:\/\/i0.wp.com\/mcidrija.si\/wp-content\/uploads\/2024\/11\/f3bfb5a54f8a48fb2e8b2f50d8f9d3a9_L.jpg?resize=768%2C512&amp;ssl=1 768w\" sizes=\"(max-width: 770px) 100vw, 770px\" \/><figcaption class=\"wp-element-caption\"><em>Foto: arhiv ICRA<\/em><\/figcaption><\/figure>\n\n\n\n<p class=\"wp-block-paragraph\">Letos se je Dan poklicev in podjetni\u0161tva odvijal 11. oktobra v Modri dvorani. S tem dogodkom \u017eelimo mladim predstaviti mo\u017enosti nadaljevanja izobrazbe in potencialne bodo\u010de delodajalce. Dogodek je organizirala Idrijsko-Cerkljanska razvojna agencija v sodelovanju z nami, MCI-jem, Obrtno podjetni\u0161ko zbornico Idrija ter Ob\u010dino Idrijo.<\/p>\n\n\n\n<div class=\"wp-block-qi-blocks-spacer qodef-block-container qodef-block-38704c87\"><div class=\"qi-block-spacer qodef-block qodef-m\"><\/div><\/div>\n\n\n\n<figure class=\"wp-block-image size-large is-resized\"><img data-recalc-dims=\"1\" decoding=\"async\" width=\"1024\" height=\"177\" data-attachment-id=\"2370\" data-permalink=\"https:\/\/mcidrija.si\/en\/2024\/10\/29\/dan-poklicev-in-podjetnistva-2024\/dan-poklicev-logos\/\" data-orig-file=\"https:\/\/i0.wp.com\/mcidrija.si\/wp-content\/uploads\/2024\/11\/dan-poklicev-logos.png?fit=1501%2C259&amp;ssl=1\" data-orig-size=\"1501,259\" data-comments-opened=\"1\" data-image-meta=\"{&quot;aperture&quot;:&quot;0&quot;,&quot;credit&quot;:&quot;&quot;,&quot;camera&quot;:&quot;&quot;,&quot;caption&quot;:&quot;&quot;,&quot;created_timestamp&quot;:&quot;0&quot;,&quot;copyright&quot;:&quot;&quot;,&quot;focal_length&quot;:&quot;0&quot;,&quot;iso&quot;:&quot;0&quot;,&quot;shutter_speed&quot;:&quot;0&quot;,&quot;title&quot;:&quot;&quot;,&quot;orientation&quot;:&quot;0&quot;}\" data-image-title=\"dan poklicev logos\" data-image-description=\"\" data-image-caption=\"\" data-large-file=\"https:\/\/i0.wp.com\/mcidrija.si\/wp-content\/uploads\/2024\/11\/dan-poklicev-logos.png?fit=1024%2C177&amp;ssl=1\" src=\"https:\/\/i0.wp.com\/mcidrija.si\/wp-content\/uploads\/2024\/11\/dan-poklicev-logos.png?resize=1024%2C177&#038;ssl=1\" alt=\"\" class=\"wp-image-2370\" style=\"width:666px;height:auto\" srcset=\"https:\/\/i0.wp.com\/mcidrija.si\/wp-content\/uploads\/2024\/11\/dan-poklicev-logos.png?resize=1024%2C177&amp;ssl=1 1024w, https:\/\/i0.wp.com\/mcidrija.si\/wp-content\/uploads\/2024\/11\/dan-poklicev-logos.png?resize=300%2C52&amp;ssl=1 300w, https:\/\/i0.wp.com\/mcidrija.si\/wp-content\/uploads\/2024\/11\/dan-poklicev-logos.png?resize=768%2C133&amp;ssl=1 768w, https:\/\/i0.wp.com\/mcidrija.si\/wp-content\/uploads\/2024\/11\/dan-poklicev-logos.png?resize=1200%2C207&amp;ssl=1 1200w, https:\/\/i0.wp.com\/mcidrija.si\/wp-content\/uploads\/2024\/11\/dan-poklicev-logos.png?w=1501&amp;ssl=1 1501w\" sizes=\"(max-width: 1000px) 100vw, 1000px\" \/><\/figure>\n\n\n\n<div class=\"wp-block-qi-blocks-spacer qodef-block-container qodef-block-38704c87\"><div class=\"qi-block-spacer qodef-block qodef-m\"><\/div><\/div>\n\n\n\n<p class=\"wp-block-paragraph\">Dogodka se je udele\u017eilo 150 deveto\u0161olcev iz cerkljanske, \u010drnovr\u0161ke, idrijske in spodnjeidrijske osnovne \u0161ole. V dvorani se je predstavljalo 23 srednjih \u0161ol, katere izobra\u017eujejo za razli\u010dne poklice. Osnovno\u0161olci so se sami sprehodili med stojnicami, da so lahko zbirali informacije o njihovi nadaljnji poti. S tem so stopili korak bli\u017eje svoji \u017eeleni prihodnosti.<\/p>\n\n\n\n<div class=\"wp-block-qi-blocks-spacer qodef-block-container qodef-block-38704c87\"><div class=\"qi-block-spacer qodef-block qodef-m\"><\/div><\/div>\n\n\n\n<p class=\"wp-block-paragraph\">Med drugim se je predstavljalo 8 podjetij\u00a0oziroma ustanov in 3 obrtniki. Ti so jim prikazovali dejanske poklice in kaj po\u010dnejo znotraj svoje zaposlitve. Tako so se pobli\u017ee seznanili z razli\u010dnimi poklici kot so na primer \u2013 slikopleskarstvo, orodjarstvo, policist_ka s poklicnim psom, fizioterapevt_ka, re\u0161evalec_ka, kuhar_ica \u2026 S seboj so prinesli fizi\u010dne pripomo\u010dke, ki jih uporabljajo pri svojem poklicu, ter so bili na voljo, da so jih lahko tudi mladi prijeli in preizkusili. Mo\u017een je bil tudi ogled razli\u010dnih vozil Policije in re\u0161evalnega kombija. Svojo stojnico je imel \u0161e \u0161tudentski servis Mjob, kateri jim je lahko predal informacije o njihovi prvi zaposlitvi ter vse v zvezi s tem.<\/p>\n\n\n\n<div class=\"wp-block-qi-blocks-spacer qodef-block-container qodef-block-38704c87\"><div class=\"qi-block-spacer qodef-block qodef-m\"><\/div><\/div>\n\n\n\n<div class=\"wp-block-media-text has-media-on-the-right is-stacked-on-mobile is-image-fill-element\" style=\"grid-template-columns:auto 24%\"><div class=\"wp-block-media-text__content\">\n<p class=\"wp-block-paragraph\">Svojo stojnico pa smo imeli tudi mi \u2013 Mladinski center Idrija (MCI). Na na\u0161i stojnici smo prestavljali, s \u010dim se ukvarjamo in kaj lahko mladi po\u010dnejo pri nas in z nami. Predvsem pa smo predstavljali oziroma promovirali svoj pilotni projekt &#8216;Z mladinskim delom proti prekarnosti mladih&#8217;. Pripravili smo\u00a0<a href=\"https:\/\/www.instagram.com\/mcidrija\/reel\/DBiNzGNuEna\/?hl=en\">kolo sre\u010de z vpra\u0161anji<\/a>, ki so zahtevali znanje o \u0161tudentskem delu in pravicah \u0161tudenta kot delavca.<\/p>\n\n\n\n<p class=\"wp-block-paragraph\">Cilj projekta je, da bi imeli mladi izbolj\u0161an dostop do zaposlitve ter da bi bili izvedeni akcijski ukrepi za vse iskalce zaposlitve. Kmalu pa bomo pri\u010deli tudi z usposabljanji o delovno pravni zakonodaji za mlade, zato spremljaj na\u0161a dru\u017ebena omre\u017eja, da ne bo\u0161 zamudil_a! \ud83d\ude42<\/p>\n\n\n\n<p class=\"has-x-small-font-size wp-block-paragraph\"><em>Projekt je sofinanciran s strani Evropske unije\u00a0<a href=\"https:\/\/evropskasredstva.si\/\">https:\/\/evropskasredstva.si\/<\/a><\/em><\/p>\n<\/div><figure class=\"wp-block-media-text__media\"><img data-recalc-dims=\"1\" decoding=\"async\" width=\"398\" height=\"530\" data-attachment-id=\"2373\" data-permalink=\"https:\/\/mcidrija.si\/en\/2024\/10\/29\/dan-poklicev-in-podjetnistva-2024\/zarja\/\" data-orig-file=\"https:\/\/i0.wp.com\/mcidrija.si\/wp-content\/uploads\/2024\/11\/zarja.jpg?fit=398%2C530&amp;ssl=1\" data-orig-size=\"398,530\" data-comments-opened=\"1\" data-image-meta=\"{&quot;aperture&quot;:&quot;0&quot;,&quot;credit&quot;:&quot;&quot;,&quot;camera&quot;:&quot;&quot;,&quot;caption&quot;:&quot;&quot;,&quot;created_timestamp&quot;:&quot;0&quot;,&quot;copyright&quot;:&quot;&quot;,&quot;focal_length&quot;:&quot;0&quot;,&quot;iso&quot;:&quot;0&quot;,&quot;shutter_speed&quot;:&quot;0&quot;,&quot;title&quot;:&quot;&quot;,&quot;orientation&quot;:&quot;0&quot;}\" data-image-title=\"zarja\" data-image-description=\"\" data-image-caption=\"\" data-large-file=\"https:\/\/i0.wp.com\/mcidrija.si\/wp-content\/uploads\/2024\/11\/zarja.jpg?fit=398%2C530&amp;ssl=1\" src=\"https:\/\/i0.wp.com\/mcidrija.si\/wp-content\/uploads\/2024\/11\/zarja.jpg?resize=398%2C530&#038;ssl=1\" alt=\"\" class=\"wp-image-2373 size-full\" style=\"object-position:63% 83%\" srcset=\"https:\/\/i0.wp.com\/mcidrija.si\/wp-content\/uploads\/2024\/11\/zarja.jpg?w=398&amp;ssl=1 398w, https:\/\/i0.wp.com\/mcidrija.si\/wp-content\/uploads\/2024\/11\/zarja.jpg?resize=225%2C300&amp;ssl=1 225w, https:\/\/i0.wp.com\/mcidrija.si\/wp-content\/uploads\/2024\/11\/zarja.jpg?resize=300%2C400&amp;ssl=1 300w, https:\/\/i0.wp.com\/mcidrija.si\/wp-content\/uploads\/2024\/11\/zarja.jpg?resize=150%2C200&amp;ssl=1 150w\" sizes=\"(max-width: 398px) 100vw, 398px\" \/><\/figure><\/div>\n\n\n\n<p class=\"has-x-small-font-size wp-block-paragraph\">#evrospkasredstva #EUsredstva<\/p>\n\n\n\n<figure class=\"wp-block-image aligncenter size-full is-resized\"><img data-recalc-dims=\"1\" loading=\"lazy\" decoding=\"async\" width=\"616\" height=\"126\" data-attachment-id=\"2376\" data-permalink=\"https:\/\/mcidrija.si\/en\/2024\/10\/29\/dan-poklicev-in-podjetnistva-2024\/feel_slo_eu-3\/\" data-orig-file=\"https:\/\/i0.wp.com\/mcidrija.si\/wp-content\/uploads\/2024\/11\/feel_slo_EU.jpg?fit=616%2C126&amp;ssl=1\" data-orig-size=\"616,126\" data-comments-opened=\"1\" data-image-meta=\"{&quot;aperture&quot;:&quot;0&quot;,&quot;credit&quot;:&quot;&quot;,&quot;camera&quot;:&quot;&quot;,&quot;caption&quot;:&quot;&quot;,&quot;created_timestamp&quot;:&quot;0&quot;,&quot;copyright&quot;:&quot;&quot;,&quot;focal_length&quot;:&quot;0&quot;,&quot;iso&quot;:&quot;0&quot;,&quot;shutter_speed&quot;:&quot;0&quot;,&quot;title&quot;:&quot;&quot;,&quot;orientation&quot;:&quot;0&quot;}\" data-image-title=\"feel_slo_EU\" data-image-description=\"\" data-image-caption=\"\" data-large-file=\"https:\/\/i0.wp.com\/mcidrija.si\/wp-content\/uploads\/2024\/11\/feel_slo_EU.jpg?fit=616%2C126&amp;ssl=1\" src=\"https:\/\/i0.wp.com\/mcidrija.si\/wp-content\/uploads\/2024\/11\/feel_slo_EU.jpg?resize=616%2C126&#038;ssl=1\" alt=\"\" class=\"wp-image-2376\" style=\"width:330px;height:auto\" srcset=\"https:\/\/i0.wp.com\/mcidrija.si\/wp-content\/uploads\/2024\/11\/feel_slo_EU.jpg?w=616&amp;ssl=1 616w, https:\/\/i0.wp.com\/mcidrija.si\/wp-content\/uploads\/2024\/11\/feel_slo_EU.jpg?resize=300%2C61&amp;ssl=1 300w\" sizes=\"(max-width: 616px) 100vw, 616px\" \/><\/figure>\n\n\n\n<p class=\"wp-block-paragraph\"><\/p>","protected":false},"excerpt":{"rendered":"<p>Letos se je Dan poklicev in podjetni\u0161tva odvijal 11. oktobra v Modri dvorani. S tem dogodkom \u017eelimo mladim predstaviti mo\u017enosti nadaljevanja izobrazbe in potencialne bodo\u010de delodajalce. Dogodek je organizirala Idrijsko-Cerkljanska razvojna agencija v sodelovanju z nami, MCI-jem, Obrtno podjetni\u0161ko zbornico Idrija ter Ob\u010dino Idrijo. Dogodka se je udele\u017eilo 150 deveto\u0161olcev iz cerkljanske, \u010drnovr\u0161ke, idrijske in [&hellip;]<\/p>\n","protected":false},"author":252603206,"featured_media":2367,"comment_status":"open","ping_status":"open","sticky":false,"template":"","format":"standard","meta":{"advanced_seo_description":"","jetpack_seo_html_title":"","jetpack_seo_noindex":false,"jetpack_seo_schema_type":"","_jetpack_newsletter_access":"","_jetpack_dont_email_post_to_subs":false,"_jetpack_newsletter_tier_id":0,"_jetpack_memberships_contains_paywalled_content":false,"_wpcom_ai_launchpad_first_post":false,"_jetpack_feature_clip_id":0,"_jetpack_memberships_contains_paid_content":false,"footnotes":"","jetpack_publicize_message":"{title}\n\n{excerpt}\n\n{url}","jetpack_publicize_feature_enabled":true,"jetpack_social_post_already_shared":true,"jetpack_social_options":{"image_generator_settings":{"template":"highway","default_image_id":0,"font":"","enabled":false},"version":2},"_wpas_customize_per_network":false,"jetpack_post_was_ever_published":false},"categories":[1367],"tags":[1440,1442,1441,1432],"class_list":["post-2366","post","type-post","status-publish","format-standard","has-post-thumbnail","hentry","category-novice","tag-dan-poklicev","tag-eusredstva","tag-evropska-sredstva","tag-prekarnost"],"jetpack_publicize_connections":[],"jetpack_likes_enabled":true,"jetpack_sharing_enabled":true,"jetpack_shortlink":"https:\/\/wp.me\/pfSlLi-Ca","jetpack-related-posts":[],"jetpack_featured_media_url":"https:\/\/i0.wp.com\/mcidrija.si\/wp-content\/uploads\/2024\/11\/f3bfb5a54f8a48fb2e8b2f50d8f9d3a9_L.jpg?fit=770%2C513&ssl=1","_links":{"self":[{"href":"https:\/\/mcidrija.si\/en\/wp-json\/wp\/v2\/posts\/2366","targetHints":{"allow":["GET"]}}],"collection":[{"href":"https:\/\/mcidrija.si\/en\/wp-json\/wp\/v2\/posts"}],"about":[{"href":"https:\/\/mcidrija.si\/en\/wp-json\/wp\/v2\/types\/post"}],"author":[{"embeddable":true,"href":"https:\/\/mcidrija.si\/en\/wp-json\/wp\/v2\/users\/252603206"}],"replies":[{"embeddable":true,"href":"https:\/\/mcidrija.si\/en\/wp-json\/wp\/v2\/comments?post=2366"}],"version-history":[{"count":7,"href":"https:\/\/mcidrija.si\/en\/wp-json\/wp\/v2\/posts\/2366\/revisions"}],"predecessor-version":[{"id":2377,"href":"https:\/\/mcidrija.si\/en\/wp-json\/wp\/v2\/posts\/2366\/revisions\/2377"}],"wp:featuredmedia":[{"embeddable":true,"href":"https:\/\/mcidrija.si\/en\/wp-json\/wp\/v2\/media\/2367"}],"wp:attachment":[{"href":"https:\/\/mcidrija.si\/en\/wp-json\/wp\/v2\/media?parent=2366"}],"wp:term":[{"taxonomy":"category","embeddable":true,"href":"https:\/\/mcidrija.si\/en\/wp-json\/wp\/v2\/categories?post=2366"},{"taxonomy":"post_tag","embeddable":true,"href":"https:\/\/mcidrija.si\/en\/wp-json\/wp\/v2\/tags?post=2366"}],"curies":[{"name":"wp","href":"https:\/\/api.w.org\/{rel}","templated":true}]}}