{"id":2546,"date":"2025-01-16T13:17:54","date_gmt":"2025-01-16T12:17:54","guid":{"rendered":"https:\/\/mcidrija.si\/?p=2546"},"modified":"2025-12-19T08:54:19","modified_gmt":"2025-12-19T07:54:19","slug":"prekarno-delo-kaj-pomeni-in-kako-vpliva-na-tvojo-prihodnost","status":"publish","type":"post","link":"https:\/\/mcidrija.si\/en\/2025\/01\/16\/prekarno-delo-kaj-pomeni-in-kako-vpliva-na-tvojo-prihodnost\/","title":{"rendered":"Prekarno delo: Kaj pomeni in kako vpliva na tvojo prihodnost?"},"content":{"rendered":"<p class=\"wp-block-paragraph\">Si kdaj pomislil_a, kaj pomeni, da je delo \u201eprekarno\u201c? Gre za obliko dela, ki je pogosto negotova in ne zagotavlja socialnih pravic ali finan\u010dne varnosti. V \u010dlanku bomo razlo\u017eili, kaj je prekarno delo, kako ga prepoznati in zakaj je pomembno, da o njem ve\u0161 ve\u010d.<\/p>\n\n\n\n<div class=\"wp-block-qi-blocks-spacer qodef-block-container qodef-block-a293abea\"><div class=\"qi-block-spacer qodef-block qodef-m\"><\/div><\/div>\n\n\n\n<h5 class=\"wp-block-heading\">Prekarno delo sploh ni zapisano v zakonu?!?<\/h5>\n\n\n\n<p class=\"wp-block-paragraph\">Prekarno delo ozna\u010duje delovne pogoje, kjer delavci nimajo stabilnosti, varnosti ali ustreznih pravic. Po definiciji prekarno delo vklju\u010duje negotovosti, kot so:<\/p>\n\n\n\n<ul class=\"wp-block-list\">\n<li><strong>Dohodkovna negotovost<\/strong>: pla\u010da ni zagotovljena ali je prenizka.<\/li>\n\n\n\n<li><strong>Zaposlitvena negotovost<\/strong>: delo je pogosto kratkotrajno, brez dolgoro\u010dnih pogodb.<\/li>\n\n\n\n<li><strong>Socialna negotovost<\/strong>: delavci nimajo dostopa do ugodnosti, kot so zdravstveno zavarovanje, pla\u010dan dopust ali pokojninski prispevki.<\/li>\n\n\n\n<li><strong>Slabimi delovnimi pogoji<\/strong>: manj prilo\u017enosti za napredovanje.<\/li>\n<\/ul>\n\n\n\n<div class=\"wp-block-qi-blocks-spacer qodef-block-container qodef-block-a293abea\"><div class=\"qi-block-spacer qodef-block qodef-m\"><\/div><\/div>\n\n\n\n<blockquote class=\"wp-block-quote is-layout-flow wp-block-quote-is-layout-flow\">\n<p class=\"wp-block-paragraph\"><strong>Ali si vedel_a?<\/strong> Izraz \u201eprekarno delo\u201c ni pravno opredeljen in ga ne najdemo v Slovarju slovenskega knji\u017enega jezika. Gre za izraz, ki se je uveljavil v javnosti zaradi pogostih debat o delovnih pravicah.<\/p>\n<\/blockquote>\n\n\n\n<div class=\"wp-block-qi-blocks-spacer qodef-block-container qodef-block-a293abea\"><div class=\"qi-block-spacer qodef-block qodef-m\"><\/div><\/div>\n\n\n\n<h5 class=\"wp-block-heading\">\u0160tudentsko delo je prekarna zaposlitev?!?<\/h5>\n\n\n\n<p class=\"wp-block-paragraph\">Pogosto gre za oblike dela, kot so:<\/p>\n\n\n\n<ul class=\"wp-block-list\">\n<li>\u0160tudentsko delo<\/li>\n\n\n\n<li>Podjemne in avtorske pogodbe<\/li>\n\n\n\n<li>Samozaposlitev (s.p.), kjer delavec dela samo za enega naro\u010dnika<\/li>\n\n\n\n<li>Agencijske pogodbe<\/li>\n\n\n\n<li>Neprostovoljna kraj\u0161a zaposlenost<\/li>\n<\/ul>\n\n\n\n<div class=\"wp-block-qi-blocks-spacer qodef-block-container qodef-block-a293abea\"><div class=\"qi-block-spacer qodef-block qodef-m\"><\/div><\/div>\n\n\n\n<blockquote class=\"wp-block-quote is-layout-flow wp-block-quote-is-layout-flow\">\n<p class=\"wp-block-paragraph\"><strong>Ali si vedel_a?<\/strong> Po podatkih statisti\u010dnega urada iz junija 2024 je dele\u017e prekarnih delavcev v Sloveniji 6,6 %, kar predstavlja 65.000 ljudi. Najve\u010dji dele\u017e (39 %) predstavljajo \u0161tudentska dela.<\/p>\n<\/blockquote>\n\n\n\n<div class=\"wp-block-qi-blocks-spacer qodef-block-container qodef-block-a293abea\"><div class=\"qi-block-spacer qodef-block qodef-m\"><\/div><\/div>\n\n\n\n<p class=\"wp-block-paragraph\"><strong>Pomembno je vedeti:<\/strong> Da so osebe, ki so v tak\u0161nih oblikah dela, prekarci, saj so lahko v tak\u0161nih oblikah dela izberejo prostovoljno zaradi lastnih preferenc. Kot smo omenili \u017ee zgoraj je pogoj, da dolo\u010deno delo ozna\u010dimo kot prekarno, da je povezano z negotovim polo\u017eajem delavca in je tak\u0161no delo s strani delavca neza\u017eeljeno in mu ne predstavlja stabilnega na\u010dina \u017eivljenja.<\/p>\n\n\n\n<div class=\"wp-block-qi-blocks-spacer qodef-block-container qodef-block-a293abea\"><div class=\"qi-block-spacer qodef-block qodef-m\"><\/div><\/div>\n\n\n\n<p class=\"wp-block-paragraph\"><strong>\u010cisto prakti\u010dno povedano,<\/strong> delo preko \u0161tudentske napotnice uporabljate ve\u010dina dijakov in \u0161tudentov, ki se redno \u0161olate. Le ta vam omogo\u010da, da ob vikendih, v \u010dasu \u0161olskih\/\u0161tudijskih po\u010ditnic in ob vseh dnevih ko nimate pouka, na preprost na\u010din pridobivate nove kompetence, delovne izku\u0161nje in zaslu\u017eite nekaj denarja za potovanja in stvari, ki si jih \u017eelite. Te\u017eava nastane, ko delodajalec mladi osebi, ki po kon\u010danem \u0161tudiju i\u0161\u010de prvo pravo zaposlitev, da pogoj, da ga bo sprejela na delovno mesto le pod pogojem, da si pridobi \u0161tudentski status. Ta oseba, si nato \u0161tudentski status kupi in pri podjetju, zaradi pridobivanje dobrih kompetenc, dela preko kupljenenega \u0161tudentskega statusa ali zapravi vpis na magisterski \u0161tudijski program zato, da pridobi \u0161tudentski status.<\/p>\n\n\n\n<div class=\"wp-block-qi-blocks-spacer qodef-block-container qodef-block-a293abea\"><div class=\"qi-block-spacer qodef-block qodef-m\"><\/div><\/div>\n\n\n\n<h5 class=\"wp-block-heading\">Zakaj delodajalci izkori\u0161\u010dajo prekarne oblike dela?<\/h5>\n\n\n\n<p class=\"wp-block-paragraph\">Delodajalci se pogosto izogibajo stro\u0161kom, povezanim s standardno zaposlitvijo. Ko te zaposlijo preko \u0161tudentske napotnice ali druge zgoraj omenjene oblike dela, jim ni potrebno:&nbsp;<\/p>\n\n\n\n<ul class=\"wp-block-list\">\n<li>Pla\u010dati regresa.<\/li>\n\n\n\n<li>Nuditi dopusta.<\/li>\n\n\n\n<li>Kriti stro\u0161kov malice in prevoza.<\/li>\n\n\n\n<li>Zagotavljati nadomestila med bolni\u0161ko odsotnostjo.<\/li>\n<\/ul>\n\n\n\n<div class=\"wp-block-qi-blocks-spacer qodef-block-container qodef-block-a293abea\"><div class=\"qi-block-spacer qodef-block qodef-m\"><\/div><\/div>\n\n\n\n<p class=\"wp-block-paragraph\">Ve\u010d o pravicah iz pogodbe o zaposlitvi pa se bomo posvetili v naslednjih objavah.<\/p>\n\n\n\n<div class=\"wp-block-qi-blocks-spacer qodef-block-container qodef-block-a293abea\"><div class=\"qi-block-spacer qodef-block qodef-m\"><\/div><\/div>\n\n\n\n<figure class=\"wp-block-pullquote\"><blockquote><p>Ima\u0161 konkretno vpra\u0161anje o svojih pravicah, delovno pravni zakonodaji ali karkoli povezanega z zaposlitvijo? Po\u0161lji nam ga na <strong>zarja.baselj@mcidrija.si<\/strong>, FB sporo\u010dilo ali IG sporo\u010dilo ali pa se vsako sredo med 14.00 in 16.00 uro oglasi v pisarni Mladinskega centra Idrija M-prekarCI, kjer ti nudimo brezpla\u010dno svetovanje, brezpla\u010dno pripravo CV-ja, pomo\u010d pri iskanju zaposlitve, pridobivanju kompetenc ali s kakr\u0161nikoli vpra\u0161anjem glede dela in zaposlitve. <\/p><\/blockquote><\/figure>\n\n\n\n<div class=\"wp-block-qi-blocks-spacer qodef-block-container qodef-block-a293abea\"><div class=\"qi-block-spacer qodef-block qodef-m\"><\/div><\/div>\n\n\n\n<p class=\"wp-block-paragraph\">Projekt je sofinanciran s strani Evropske unije <a href=\"https:\/\/evropskasredstva.si\/\">https:\/\/evropskasredstva.si\/<\/a><\/p>\n\n\n\n<figure class=\"wp-block-image size-full is-resized\"><img data-recalc-dims=\"1\" fetchpriority=\"high\" decoding=\"async\" width=\"616\" height=\"126\" data-attachment-id=\"2554\" data-permalink=\"https:\/\/mcidrija.si\/en\/2025\/01\/16\/prekarno-delo-kaj-pomeni-in-kako-vpliva-na-tvojo-prihodnost\/feel_slo_eu-5\/\" data-orig-file=\"https:\/\/i0.wp.com\/mcidrija.si\/wp-content\/uploads\/2025\/01\/feel_slo_EU-1.webp?fit=616%2C126&amp;ssl=1\" data-orig-size=\"616,126\" data-comments-opened=\"1\" data-image-meta=\"{&quot;aperture&quot;:&quot;0&quot;,&quot;credit&quot;:&quot;&quot;,&quot;camera&quot;:&quot;&quot;,&quot;caption&quot;:&quot;&quot;,&quot;created_timestamp&quot;:&quot;0&quot;,&quot;copyright&quot;:&quot;&quot;,&quot;focal_length&quot;:&quot;0&quot;,&quot;iso&quot;:&quot;0&quot;,&quot;shutter_speed&quot;:&quot;0&quot;,&quot;title&quot;:&quot;&quot;,&quot;orientation&quot;:&quot;0&quot;}\" data-image-title=\"feel_slo_EU\" data-image-description=\"\" data-image-caption=\"\" data-large-file=\"https:\/\/i0.wp.com\/mcidrija.si\/wp-content\/uploads\/2025\/01\/feel_slo_EU-1.webp?fit=616%2C126&amp;ssl=1\" src=\"https:\/\/i0.wp.com\/mcidrija.si\/wp-content\/uploads\/2025\/01\/feel_slo_EU-1.webp?resize=616%2C126&#038;ssl=1\" alt=\"\" class=\"wp-image-2554\" style=\"width:322px;height:auto\" srcset=\"https:\/\/i0.wp.com\/mcidrija.si\/wp-content\/uploads\/2025\/01\/feel_slo_EU-1.webp?w=616&amp;ssl=1 616w, https:\/\/i0.wp.com\/mcidrija.si\/wp-content\/uploads\/2025\/01\/feel_slo_EU-1.webp?resize=300%2C61&amp;ssl=1 300w\" sizes=\"(max-width: 616px) 100vw, 616px\" \/><\/figure>\n\n\n\n<p class=\"wp-block-paragraph\"><\/p>","protected":false},"excerpt":{"rendered":"<p>Si kdaj pomislil_a, kaj pomeni, da je delo \u201eprekarno\u201c? Gre za obliko dela, ki je pogosto negotova in ne zagotavlja socialnih pravic ali finan\u010dne varnosti. V \u010dlanku bomo razlo\u017eili, kaj je prekarno delo, kako ga prepoznati in zakaj je pomembno, da o njem ve\u0161 ve\u010d. Prekarno delo sploh ni zapisano v zakonu?!? Prekarno delo ozna\u010duje [&hellip;]<\/p>\n","protected":false},"author":252603206,"featured_media":2885,"comment_status":"open","ping_status":"open","sticky":false,"template":"","format":"standard","meta":{"advanced_seo_description":"","jetpack_seo_html_title":"","jetpack_seo_noindex":false,"jetpack_seo_schema_type":"","_jetpack_newsletter_access":"","_jetpack_dont_email_post_to_subs":false,"_jetpack_newsletter_tier_id":0,"_jetpack_memberships_contains_paywalled_content":false,"_wpcom_ai_launchpad_first_post":false,"_jetpack_feature_clip_id":0,"_jetpack_memberships_contains_paid_content":false,"footnotes":"","jetpack_publicize_message":"{title}\n\n{excerpt}\n\n{url}","jetpack_publicize_feature_enabled":true,"jetpack_social_post_already_shared":true,"jetpack_social_options":{"image_generator_settings":{"template":"highway","default_image_id":0,"font":"","enabled":false},"version":2},"_wpas_customize_per_network":false,"jetpack_post_was_ever_published":false},"categories":[1367],"tags":[1432],"class_list":["post-2546","post","type-post","status-publish","format-standard","has-post-thumbnail","hentry","category-novice","tag-prekarnost"],"jetpack_publicize_connections":[],"jetpack_likes_enabled":true,"jetpack_sharing_enabled":true,"jetpack_shortlink":"https:\/\/wp.me\/pfSlLi-F4","jetpack-related-posts":[],"jetpack_featured_media_url":"https:\/\/i0.wp.com\/mcidrija.si\/wp-content\/uploads\/2025\/01\/3-1.png?fit=3750%2C2813&ssl=1","_links":{"self":[{"href":"https:\/\/mcidrija.si\/en\/wp-json\/wp\/v2\/posts\/2546","targetHints":{"allow":["GET"]}}],"collection":[{"href":"https:\/\/mcidrija.si\/en\/wp-json\/wp\/v2\/posts"}],"about":[{"href":"https:\/\/mcidrija.si\/en\/wp-json\/wp\/v2\/types\/post"}],"author":[{"embeddable":true,"href":"https:\/\/mcidrija.si\/en\/wp-json\/wp\/v2\/users\/252603206"}],"replies":[{"embeddable":true,"href":"https:\/\/mcidrija.si\/en\/wp-json\/wp\/v2\/comments?post=2546"}],"version-history":[{"count":6,"href":"https:\/\/mcidrija.si\/en\/wp-json\/wp\/v2\/posts\/2546\/revisions"}],"predecessor-version":[{"id":2557,"href":"https:\/\/mcidrija.si\/en\/wp-json\/wp\/v2\/posts\/2546\/revisions\/2557"}],"wp:featuredmedia":[{"embeddable":true,"href":"https:\/\/mcidrija.si\/en\/wp-json\/wp\/v2\/media\/2885"}],"wp:attachment":[{"href":"https:\/\/mcidrija.si\/en\/wp-json\/wp\/v2\/media?parent=2546"}],"wp:term":[{"taxonomy":"category","embeddable":true,"href":"https:\/\/mcidrija.si\/en\/wp-json\/wp\/v2\/categories?post=2546"},{"taxonomy":"post_tag","embeddable":true,"href":"https:\/\/mcidrija.si\/en\/wp-json\/wp\/v2\/tags?post=2546"}],"curies":[{"name":"wp","href":"https:\/\/api.w.org\/{rel}","templated":true}]}}