{"id":2723,"date":"2025-01-27T08:24:37","date_gmt":"2025-01-27T07:24:37","guid":{"rendered":"https:\/\/mcidrija.si\/?p=2723"},"modified":"2025-02-26T12:42:06","modified_gmt":"2025-02-26T11:42:06","slug":"popravljamo-prenavljamo-ustvarjamo","status":"publish","type":"post","link":"https:\/\/mcidrija.si\/en\/2025\/01\/27\/popravljamo-prenavljamo-ustvarjamo\/","title":{"rendered":"Popravljamo, prenavljamo, ustvarjamo!\u00a0"},"content":{"rendered":"<figure class=\"wp-block-image size-large\"><img data-recalc-dims=\"1\" fetchpriority=\"high\" decoding=\"async\" width=\"1024\" height=\"539\" data-attachment-id=\"2736\" data-permalink=\"https:\/\/mcidrija.si\/en\/2025\/01\/27\/popravljamo-prenavljamo-ustvarjamo\/image-6\/\" data-orig-file=\"https:\/\/i0.wp.com\/mcidrija.si\/wp-content\/uploads\/2025\/01\/image-1.png?fit=2048%2C1078&amp;ssl=1\" data-orig-size=\"2048,1078\" data-comments-opened=\"1\" data-image-meta=\"{&quot;aperture&quot;:&quot;0&quot;,&quot;credit&quot;:&quot;&quot;,&quot;camera&quot;:&quot;&quot;,&quot;caption&quot;:&quot;&quot;,&quot;created_timestamp&quot;:&quot;0&quot;,&quot;copyright&quot;:&quot;&quot;,&quot;focal_length&quot;:&quot;0&quot;,&quot;iso&quot;:&quot;0&quot;,&quot;shutter_speed&quot;:&quot;0&quot;,&quot;title&quot;:&quot;&quot;,&quot;orientation&quot;:&quot;0&quot;}\" data-image-title=\"image\" data-image-description=\"\" data-image-caption=\"\" data-large-file=\"https:\/\/i0.wp.com\/mcidrija.si\/wp-content\/uploads\/2025\/01\/image-1.png?fit=1024%2C539&amp;ssl=1\" src=\"https:\/\/i0.wp.com\/mcidrija.si\/wp-content\/uploads\/2025\/01\/image-1.png?resize=1024%2C539&#038;ssl=1\" alt=\"\" class=\"wp-image-2736\" srcset=\"https:\/\/i0.wp.com\/mcidrija.si\/wp-content\/uploads\/2025\/01\/image-1.png?resize=1024%2C539&amp;ssl=1 1024w, https:\/\/i0.wp.com\/mcidrija.si\/wp-content\/uploads\/2025\/01\/image-1.png?resize=300%2C158&amp;ssl=1 300w, https:\/\/i0.wp.com\/mcidrija.si\/wp-content\/uploads\/2025\/01\/image-1.png?resize=768%2C404&amp;ssl=1 768w, https:\/\/i0.wp.com\/mcidrija.si\/wp-content\/uploads\/2025\/01\/image-1.png?resize=1536%2C809&amp;ssl=1 1536w, https:\/\/i0.wp.com\/mcidrija.si\/wp-content\/uploads\/2025\/01\/image-1.png?resize=1200%2C632&amp;ssl=1 1200w, https:\/\/i0.wp.com\/mcidrija.si\/wp-content\/uploads\/2025\/01\/image-1.png?w=2048&amp;ssl=1 2048w\" sizes=\"(max-width: 1000px) 100vw, 1000px\" \/><\/figure>\n\n\n\n<div class=\"wp-block-qi-blocks-spacer qodef-block-container qodef-block-bd030ee5\"><div class=\"qi-block-spacer qodef-block qodef-m\"><\/div><\/div>\n\n\n\n<p class=\"wp-block-paragraph\">Z&nbsp;januarjem&nbsp;se&nbsp;za\u010denjajo aktivnosti projekta Ekosklad,&nbsp;<strong>Drugo \u017eivljenje: popravljamo, prenavljamo, ustvarjamo<\/strong>, ki se osredoto\u010da na ozave\u0161\u010danje o okoljski problematiki in spodbujanje trajnostnih praks tako med maldimi kot tudi \u0161ir\u0161o skupnostjo.&nbsp;&nbsp;<\/p>\n\n\n\n<div class=\"wp-block-qi-blocks-spacer qodef-block-container qodef-block-bd030ee5\"><div class=\"qi-block-spacer qodef-block qodef-m\"><\/div><\/div>\n\n\n\n<p class=\"wp-block-paragraph\">Tekom leta bo v sodelovanju z&nbsp;<a href=\"https:\/\/www.id20.si\/\"><em>ID20<\/em><\/a> tako izpeljana serija&nbsp;<strong>10 prakti\u010dno-izobra\u017eevalnih aktivnosti<\/strong>, ki bodo s svojimi vsebinami naslavljale teme kot so potro\u0161ni\u0161tvo in trajnostne re\u0161itve, ter ponujale mo\u017enost krepitve ve\u0161\u010din povezanih z ponovno ali podalj\u0161ano rabo predmetov, popravilo, prenovo in vzdr\u017eevanje le-teh.&nbsp;Hkrati&nbsp;pa&nbsp;ro\u010dno&nbsp;delo poskrbi tudi&nbsp;za sprostitev in dobro po\u010dutje&nbsp;posameznika.&nbsp;&nbsp;<\/p>\n\n\n\n<div class=\"wp-block-qi-blocks-spacer qodef-block-container qodef-block-bd030ee5\"><div class=\"qi-block-spacer qodef-block qodef-m\"><\/div><\/div>\n\n\n\n<h3 class=\"wp-block-heading\">Vzpostavitev prevzemne to\u010dke za dedi\u0161\u010dinsko pohi\u0161tvo in predmete&nbsp;<\/h3>\n\n\n\n<div class=\"wp-block-qi-blocks-spacer qodef-block-container qodef-block-bd030ee5\"><div class=\"qi-block-spacer qodef-block qodef-m\"><\/div><\/div>\n\n\n\n<blockquote class=\"wp-block-quote is-layout-flow wp-block-quote-is-layout-flow\">\n<p class=\"wp-block-paragraph\">&#8220;Neko\u010d so&nbsp;v hi\u0161ah imele prostor&nbsp;masivne omare in kredence,&nbsp;ro\u010dno&nbsp;izdelane&nbsp;z veliko&nbsp;natan\u010dnostjo in polne zgodb preteklosti. Zato \u017eelimo te&nbsp;predmete, ki so v\u010dasih \u017ee nekoliko odslu\u017eeni zbrati,&nbsp;jih s strokovno pomo\u010djo&nbsp;prenoviti in o\u017eiviti saj&nbsp;jim&nbsp;na ta na\u010din&nbsp;lahok&nbsp;podarimo novo prilo\u017enost v sodobnem svetu.&#8221;&nbsp;<\/p>\n<\/blockquote>\n\n\n\n<div class=\"wp-block-qi-blocks-spacer qodef-block-container qodef-block-bd030ee5\"><div class=\"qi-block-spacer qodef-block qodef-m\"><\/div><\/div>\n\n\n\n<h5 class=\"wp-block-heading\">Kako lahko prispevate?&nbsp;<\/h5>\n\n\n\n<div class=\"wp-block-qi-blocks-spacer qodef-block-container qodef-block-bd030ee5\"><div class=\"qi-block-spacer qodef-block qodef-m\"><\/div><\/div>\n\n\n\n<p class=\"wp-block-paragraph\">Na lokaciji strojnice Inzaghijevega ja\u0161ka (Vodnikova ul. 3), se je za ta namen z za\u010detkom januarja vzpostavila prevzemna to\u010dka za dedi\u0161\u010dinsko pohi\u0161tvo in predmete.<\/p>\n\n\n\n<div class=\"wp-block-qi-blocks-spacer qodef-block-container qodef-block-bd030ee5\"><div class=\"qi-block-spacer qodef-block qodef-m\"><\/div><\/div>\n\n\n\n<p class=\"wp-block-paragraph\">\u010ce imate doma staro pohi\u0161tvo, dekorativne predmete ali druge re\u010di, izdelane (pribli\u017eno) pred letom 1945, bomo va\u0161e donacije z veseljem sprejeli!<\/p>\n\n\n\n<div class=\"wp-block-qi-blocks-spacer qodef-block-container qodef-block-bd030ee5\"><div class=\"qi-block-spacer qodef-block qodef-m\"><\/div><\/div>\n\n\n\n<ol class=\"wp-block-list\">\n<li>ID20 po\u0161ljite <strong>sliko predmeta<\/strong>, ki bi ga \u017eeleli podariti, na email\u00a0<strong>info@id20.si\u00a0<\/strong>ali prek zasebnega sporo\u010dila na izbranem omre\u017eju.<\/li>\n\n\n\n<li>Dogovorili se bomo glede \u010dasa, mesta in na\u010dina prevzema.<\/li>\n<\/ol>\n\n\n\n<div class=\"wp-block-qi-blocks-spacer qodef-block-container qodef-block-bd030ee5\"><div class=\"qi-block-spacer qodef-block qodef-m\"><\/div><\/div>\n\n\n\n<figure class=\"wp-block-image size-large\"><img data-recalc-dims=\"1\" decoding=\"async\" width=\"1024\" height=\"769\" data-attachment-id=\"2743\" data-permalink=\"https:\/\/mcidrija.si\/en\/2025\/01\/27\/popravljamo-prenavljamo-ustvarjamo\/image-7\/\" data-orig-file=\"https:\/\/i0.wp.com\/mcidrija.si\/wp-content\/uploads\/2025\/01\/image-2.png?fit=1199%2C901&amp;ssl=1\" data-orig-size=\"1199,901\" data-comments-opened=\"1\" data-image-meta=\"{&quot;aperture&quot;:&quot;0&quot;,&quot;credit&quot;:&quot;&quot;,&quot;camera&quot;:&quot;&quot;,&quot;caption&quot;:&quot;&quot;,&quot;created_timestamp&quot;:&quot;0&quot;,&quot;copyright&quot;:&quot;&quot;,&quot;focal_length&quot;:&quot;0&quot;,&quot;iso&quot;:&quot;0&quot;,&quot;shutter_speed&quot;:&quot;0&quot;,&quot;title&quot;:&quot;&quot;,&quot;orientation&quot;:&quot;0&quot;}\" data-image-title=\"image\" data-image-description=\"\" data-image-caption=\"\" data-large-file=\"https:\/\/i0.wp.com\/mcidrija.si\/wp-content\/uploads\/2025\/01\/image-2.png?fit=1024%2C769&amp;ssl=1\" src=\"https:\/\/i0.wp.com\/mcidrija.si\/wp-content\/uploads\/2025\/01\/image-2.png?resize=1024%2C769&#038;ssl=1\" alt=\"\" class=\"wp-image-2743\" srcset=\"https:\/\/i0.wp.com\/mcidrija.si\/wp-content\/uploads\/2025\/01\/image-2.png?resize=1024%2C769&amp;ssl=1 1024w, https:\/\/i0.wp.com\/mcidrija.si\/wp-content\/uploads\/2025\/01\/image-2.png?resize=300%2C225&amp;ssl=1 300w, https:\/\/i0.wp.com\/mcidrija.si\/wp-content\/uploads\/2025\/01\/image-2.png?resize=768%2C577&amp;ssl=1 768w, https:\/\/i0.wp.com\/mcidrija.si\/wp-content\/uploads\/2025\/01\/image-2.png?resize=800%2C600&amp;ssl=1 800w, https:\/\/i0.wp.com\/mcidrija.si\/wp-content\/uploads\/2025\/01\/image-2.png?resize=600%2C450&amp;ssl=1 600w, https:\/\/i0.wp.com\/mcidrija.si\/wp-content\/uploads\/2025\/01\/image-2.png?resize=400%2C300&amp;ssl=1 400w, https:\/\/i0.wp.com\/mcidrija.si\/wp-content\/uploads\/2025\/01\/image-2.png?resize=200%2C150&amp;ssl=1 200w, https:\/\/i0.wp.com\/mcidrija.si\/wp-content\/uploads\/2025\/01\/image-2.png?w=1199&amp;ssl=1 1199w\" sizes=\"(max-width: 1000px) 100vw, 1000px\" \/><figcaption class=\"wp-element-caption\"><em>Prostovoljci obnavljajo pohi\u0161tvo rudarske hi\u0161e Giser (foto: Nina Savi\u010d, Jugo\u0161ki)<\/em><\/figcaption><\/figure>\n\n\n\n<h3 class=\"wp-block-heading\">Repair cafe &#8211;&nbsp;10 delavnic za ponovno rabo predmetov&nbsp;&nbsp;<\/h3>\n\n\n\n<div class=\"wp-block-qi-blocks-spacer qodef-block-container qodef-block-bd030ee5\"><div class=\"qi-block-spacer qodef-block qodef-m\"><\/div><\/div>\n\n\n\n<p class=\"wp-block-paragraph\">Do konca oktobra nas \u010daka pester nabor delavnic&nbsp;pod strokovnim mentorstvom, kjer bomo skupaj obnavljali predmete, odkrivali ustvarjalne tehnike in se u\u010dili, kako starim kosom podariti novo \u017eivljenje.&nbsp;&nbsp;<\/p>\n\n\n\n<div class=\"wp-block-qi-blocks-spacer qodef-block-container qodef-block-bd030ee5\"><div class=\"qi-block-spacer qodef-block qodef-m\"><\/div><\/div>\n\n\n\n<ol class=\"wp-block-list\">\n<li>Obla\u010dila in odslu\u017een tekstil&nbsp;&nbsp;<\/li>\n\n\n\n<li>Kolesa in skiroji&nbsp;<\/li>\n\n\n\n<li>Mali in veliki gospodinjski aparati&nbsp;&nbsp;<\/li>\n\n\n\n<li>IT oprema&nbsp;&nbsp;<\/li>\n\n\n\n<li>Upcycling&nbsp;&nbsp;<\/li>\n\n\n\n<li>Oglasni PVC transparenti in ponjave&nbsp;&nbsp;<\/li>\n\n\n\n<li>Stavbno pohi\u0161tvo (vrata, okna) &#8211; sanacija lesenih okenskih okvirov, menjava stekel, vzdr\u017eevanje stavbnega okovja;&nbsp;<\/li>\n\n\n\n<li>Staro pohi\u0161tvo \u2013 pred 2. sv. vojno &#8211; za\u0161\u010dita lesenih elementov, prenova (za\u0161\u010dita, naravne barve), vzdr\u017eevanje;&nbsp;<\/li>\n\n\n\n<li>Staro pohi\u0161tvo \u2013 po 2. sv. vojni&nbsp;&nbsp;<\/li>\n\n\n\n<li>Predelava odslu\u017eenih predmetov v umetni\u0161ke in dekorativne izdelke &#8211; snovanje novih izdelkov, za\u0161\u010dita&nbsp;materialov ter prakti\u010dni nasveti.&nbsp;<\/li>\n<\/ol>\n\n\n\n<div class=\"wp-block-qi-blocks-spacer qodef-block-container qodef-block-509d46ff\"><div class=\"qi-block-spacer qodef-block qodef-m\"><\/div><\/div>\n\n\n\n<p class=\"wp-block-paragraph\">Pridru\u017eite se na\u0161i akciji in predmetom podarite drugo \u017eivljenje!&nbsp;<\/p>\n\n\n\n<div class=\"wp-block-qi-blocks-spacer qodef-block-container qodef-block-509d46ff\"><div class=\"qi-block-spacer qodef-block qodef-m\"><\/div><\/div>\n\n\n\n<figure class=\"wp-block-image aligncenter size-large is-resized\"><img data-recalc-dims=\"1\" decoding=\"async\" width=\"1024\" height=\"512\" data-attachment-id=\"2724\" data-permalink=\"https:\/\/mcidrija.si\/en\/2025\/01\/27\/popravljamo-prenavljamo-ustvarjamo\/image-5\/\" data-orig-file=\"https:\/\/i0.wp.com\/mcidrija.si\/wp-content\/uploads\/2025\/01\/image.png?fit=1920%2C960&amp;ssl=1\" data-orig-size=\"1920,960\" data-comments-opened=\"1\" data-image-meta=\"{&quot;aperture&quot;:&quot;0&quot;,&quot;credit&quot;:&quot;&quot;,&quot;camera&quot;:&quot;&quot;,&quot;caption&quot;:&quot;&quot;,&quot;created_timestamp&quot;:&quot;0&quot;,&quot;copyright&quot;:&quot;&quot;,&quot;focal_length&quot;:&quot;0&quot;,&quot;iso&quot;:&quot;0&quot;,&quot;shutter_speed&quot;:&quot;0&quot;,&quot;title&quot;:&quot;&quot;,&quot;orientation&quot;:&quot;0&quot;}\" data-image-title=\"image\" data-image-description=\"\" data-image-caption=\"\" data-large-file=\"https:\/\/i0.wp.com\/mcidrija.si\/wp-content\/uploads\/2025\/01\/image.png?fit=1024%2C512&amp;ssl=1\" src=\"https:\/\/i0.wp.com\/mcidrija.si\/wp-content\/uploads\/2025\/01\/image.png?resize=1024%2C512&#038;ssl=1\" alt=\"\" class=\"wp-image-2724\" style=\"width:560px;height:auto\" srcset=\"https:\/\/i0.wp.com\/mcidrija.si\/wp-content\/uploads\/2025\/01\/image.png?resize=1024%2C512&amp;ssl=1 1024w, https:\/\/i0.wp.com\/mcidrija.si\/wp-content\/uploads\/2025\/01\/image.png?resize=300%2C150&amp;ssl=1 300w, https:\/\/i0.wp.com\/mcidrija.si\/wp-content\/uploads\/2025\/01\/image.png?resize=768%2C384&amp;ssl=1 768w, https:\/\/i0.wp.com\/mcidrija.si\/wp-content\/uploads\/2025\/01\/image.png?resize=1536%2C768&amp;ssl=1 1536w, https:\/\/i0.wp.com\/mcidrija.si\/wp-content\/uploads\/2025\/01\/image.png?resize=1200%2C600&amp;ssl=1 1200w, https:\/\/i0.wp.com\/mcidrija.si\/wp-content\/uploads\/2025\/01\/image.png?resize=1300%2C650&amp;ssl=1 1300w, https:\/\/i0.wp.com\/mcidrija.si\/wp-content\/uploads\/2025\/01\/image.png?w=1920&amp;ssl=1 1920w\" sizes=\"(max-width: 1000px) 100vw, 1000px\" \/><\/figure>\n\n\n\n<p class=\"wp-block-paragraph\"><\/p>","protected":false},"excerpt":{"rendered":"<p>Dedi\u0161\u010dina kot navdih \u2013 s prenovo in popravili do trajnostnih re\u0161itev!<\/p>","protected":false},"author":252603206,"featured_media":2746,"comment_status":"open","ping_status":"open","sticky":false,"template":"","format":"standard","meta":{"advanced_seo_description":"","jetpack_seo_html_title":"","jetpack_seo_noindex":false,"jetpack_seo_schema_type":"","_jetpack_newsletter_access":"","_jetpack_dont_email_post_to_subs":true,"_jetpack_newsletter_tier_id":0,"_jetpack_memberships_contains_paywalled_content":false,"_wpcom_ai_launchpad_first_post":false,"_jetpack_feature_clip_id":0,"_jetpack_memberships_contains_paid_content":false,"footnotes":"","jetpack_publicize_message":"","jetpack_publicize_feature_enabled":true,"jetpack_social_post_already_shared":true,"jetpack_social_options":{"image_generator_settings":{"template":"highway","enabled":false},"version":2},"_wpas_customize_per_network":false,"jetpack_post_was_ever_published":false},"categories":[1367],"tags":[1545,1448,1399,1449,1387],"class_list":["post-2723","post","type-post","status-publish","format-standard","has-post-thumbnail","hentry","category-novice","tag-drugo-zivljenje","tag-ekosklad","tag-reuse","tag-upcycle","tag-zmanjsaj"],"jetpack_publicize_connections":[],"jetpack_likes_enabled":true,"jetpack_sharing_enabled":true,"jetpack_shortlink":"https:\/\/wp.me\/pfSlLi-HV","jetpack-related-posts":[],"jetpack_featured_media_url":"https:\/\/i0.wp.com\/mcidrija.si\/wp-content\/uploads\/2025\/01\/spletna-stran-prikazane-slike-1.jpg?fit=3375%2C2250&ssl=1","_links":{"self":[{"href":"https:\/\/mcidrija.si\/en\/wp-json\/wp\/v2\/posts\/2723","targetHints":{"allow":["GET"]}}],"collection":[{"href":"https:\/\/mcidrija.si\/en\/wp-json\/wp\/v2\/posts"}],"about":[{"href":"https:\/\/mcidrija.si\/en\/wp-json\/wp\/v2\/types\/post"}],"author":[{"embeddable":true,"href":"https:\/\/mcidrija.si\/en\/wp-json\/wp\/v2\/users\/252603206"}],"replies":[{"embeddable":true,"href":"https:\/\/mcidrija.si\/en\/wp-json\/wp\/v2\/comments?post=2723"}],"version-history":[{"count":12,"href":"https:\/\/mcidrija.si\/en\/wp-json\/wp\/v2\/posts\/2723\/revisions"}],"predecessor-version":[{"id":2828,"href":"https:\/\/mcidrija.si\/en\/wp-json\/wp\/v2\/posts\/2723\/revisions\/2828"}],"wp:featuredmedia":[{"embeddable":true,"href":"https:\/\/mcidrija.si\/en\/wp-json\/wp\/v2\/media\/2746"}],"wp:attachment":[{"href":"https:\/\/mcidrija.si\/en\/wp-json\/wp\/v2\/media?parent=2723"}],"wp:term":[{"taxonomy":"category","embeddable":true,"href":"https:\/\/mcidrija.si\/en\/wp-json\/wp\/v2\/categories?post=2723"},{"taxonomy":"post_tag","embeddable":true,"href":"https:\/\/mcidrija.si\/en\/wp-json\/wp\/v2\/tags?post=2723"}],"curies":[{"name":"wp","href":"https:\/\/api.w.org\/{rel}","templated":true}]}}