{"id":2775,"date":"2025-01-28T13:04:03","date_gmt":"2025-01-28T12:04:03","guid":{"rendered":"https:\/\/mcidrija.si\/?p=2775"},"modified":"2025-01-28T13:04:03","modified_gmt":"2025-01-28T12:04:03","slug":"prejemniki-naziva-dobra-praksa","status":"publish","type":"post","link":"https:\/\/mcidrija.si\/en\/2025\/01\/28\/prejemniki-naziva-dobra-praksa\/","title":{"rendered":"prejemniki naziva dobra praksa"},"content":{"rendered":"\n<figure class=\"wp-block-image size-large\"><img data-recalc-dims=\"1\" fetchpriority=\"high\" decoding=\"async\" width=\"1024\" height=\"683\" data-attachment-id=\"2778\" data-permalink=\"https:\/\/mcidrija.si\/en\/2025\/01\/28\/prejemniki-naziva-dobra-praksa\/copy-of-dobra-praksa-2\/\" data-orig-file=\"https:\/\/i0.wp.com\/mcidrija.si\/wp-content\/uploads\/2025\/01\/Copy-of-dobra-praksa-1.jpg?fit=3375%2C2250&amp;ssl=1\" data-orig-size=\"3375,2250\" data-comments-opened=\"1\" data-image-meta=\"{&quot;aperture&quot;:&quot;0&quot;,&quot;credit&quot;:&quot;&quot;,&quot;camera&quot;:&quot;&quot;,&quot;caption&quot;:&quot;&quot;,&quot;created_timestamp&quot;:&quot;0&quot;,&quot;copyright&quot;:&quot;&quot;,&quot;focal_length&quot;:&quot;0&quot;,&quot;iso&quot;:&quot;0&quot;,&quot;shutter_speed&quot;:&quot;0&quot;,&quot;title&quot;:&quot;&quot;,&quot;orientation&quot;:&quot;1&quot;}\" data-image-title=\"Copy of dobra praksa\" data-image-description=\"\" data-image-caption=\"\" data-large-file=\"https:\/\/i0.wp.com\/mcidrija.si\/wp-content\/uploads\/2025\/01\/Copy-of-dobra-praksa-1.jpg?fit=1024%2C683&amp;ssl=1\" src=\"https:\/\/i0.wp.com\/mcidrija.si\/wp-content\/uploads\/2025\/01\/Copy-of-dobra-praksa-1.jpg?resize=1024%2C683&#038;ssl=1\" alt=\"\" class=\"wp-image-2778\" srcset=\"https:\/\/i0.wp.com\/mcidrija.si\/wp-content\/uploads\/2025\/01\/Copy-of-dobra-praksa-1.jpg?resize=1024%2C683&amp;ssl=1 1024w, https:\/\/i0.wp.com\/mcidrija.si\/wp-content\/uploads\/2025\/01\/Copy-of-dobra-praksa-1.jpg?resize=300%2C200&amp;ssl=1 300w, https:\/\/i0.wp.com\/mcidrija.si\/wp-content\/uploads\/2025\/01\/Copy-of-dobra-praksa-1.jpg?resize=768%2C512&amp;ssl=1 768w, https:\/\/i0.wp.com\/mcidrija.si\/wp-content\/uploads\/2025\/01\/Copy-of-dobra-praksa-1.jpg?resize=1536%2C1024&amp;ssl=1 1536w, https:\/\/i0.wp.com\/mcidrija.si\/wp-content\/uploads\/2025\/01\/Copy-of-dobra-praksa-1.jpg?resize=2048%2C1365&amp;ssl=1 2048w, https:\/\/i0.wp.com\/mcidrija.si\/wp-content\/uploads\/2025\/01\/Copy-of-dobra-praksa-1.jpg?resize=1200%2C800&amp;ssl=1 1200w, https:\/\/i0.wp.com\/mcidrija.si\/wp-content\/uploads\/2025\/01\/Copy-of-dobra-praksa-1.jpg?w=3000&amp;ssl=1 3000w\" sizes=\"(max-width: 1000px) 100vw, 1000px\" \/><\/figure>\n\n\n\n<div class=\"wp-block-qi-blocks-spacer qodef-block-container qodef-block-b3eed227\"><div class=\"qi-block-spacer qodef-block qodef-m\"><\/div><\/div>\n\n\n\n<p class=\"has-large-font-size wp-block-paragraph\"><strong>Na\u0161 projekt So-delujmo in So-oblikujmo je bil prepoznan kot dobra praksa!<\/strong><\/p>\n\n\n\n<div class=\"wp-block-qi-blocks-spacer qodef-block-container qodef-block-b3eed227\"><div class=\"qi-block-spacer qodef-block qodef-m\"><\/div><\/div>\n\n\n\n<p class=\"has-medium-font-size wp-block-paragraph\"><strong>Kaj to sploh pomeni?<\/strong><\/p>\n\n\n\n<p class=\"wp-block-paragraph\">Nacionalna agencija <a href=\"https:\/\/www.facebook.com\/mladivakciji?__cft__[0]=AZVR4pp-dCqHQaR0seHR993sx4QXL3PO8W04mn9owFR_va593G7YygMD3ttyeDqgthW4mWKk_3beZAEuwICrendMXTrT0jBQdpSBrXJ-QB2_eM4pS_WkW-ydbIcy_Te1Ymy8SHJx9LIOdAAdU5EJEcYMOi-FBtEAiGWKB66WPb4QFmsNqR7aCApTBwUuKNoko7M&amp;__tn__=-]K-R\">MOVIT<\/a>, ki bdi nad slovenskimi projekti je v sklopu programa Erasmus+, specifi\u010dno ukrepa Aktivnosti udejstvovanja mladih, prepoznala, da je bil na\u0161 projekt, izveden v letu 2023 in 2024, na\u010drtovan, izveden in poro\u010dan zelo kvalitetno, v skladu z zadanimi cilji ukrepa, ter da je bila ideja projekta inovativna in imela realne u\u010dinke na lokalno okolje, zato je <a><\/a>projekt zgled za ostale projekte te vrste!<\/p>\n\n\n\n<div class=\"wp-block-qi-blocks-spacer qodef-block-container qodef-block-b3eed227\"><div class=\"qi-block-spacer qodef-block qodef-m\"><\/div><\/div>\n\n\n\n<p class=\"has-medium-font-size wp-block-paragraph\"><strong>Kaj vse se je dogajalo v sklopu projekta?<\/strong><\/p>\n\n\n\n<ul class=\"wp-block-list\">\n<li><img decoding=\"async\" height=\"16\" width=\"16\" src=\"https:\/\/static.xx.fbcdn.net\/images\/emoji.php\/v9\/t33\/1\/16\/2705.png\" alt=\"\u2705\"> Povezali smo mlade, mladinske organizacije in lokalne odlo\u010devalce.<\/li>\n<\/ul>\n\n\n\n<ul class=\"wp-block-list\">\n<li><img decoding=\"async\" height=\"16\" width=\"16\" src=\"https:\/\/static.xx.fbcdn.net\/images\/emoji.php\/v9\/t33\/1\/16\/2705.png\" alt=\"\u2705\"> Obiskali krajevne skupnosti ob\u010dine Idrija, mladim predstavili pomen aktivne participacije ter jim omogo\u010dili prostor za izra\u017eanje idej, potreb in izzivov.<\/li>\n<\/ul>\n\n\n\n<ul class=\"wp-block-list\">\n<li><img decoding=\"async\" height=\"16\" width=\"16\" src=\"https:\/\/static.xx.fbcdn.net\/images\/emoji.php\/v9\/t33\/1\/16\/2705.png\" alt=\"\u2705\"> Seznanili mlade s participativnim prora\u010dunom ter jim pomagali pripraviti predloge za prora\u010dun za mlade Ob\u010dine Idrija.<\/li>\n<\/ul>\n\n\n\n<ul class=\"wp-block-list\">\n<li><img decoding=\"async\" height=\"16\" width=\"16\" src=\"https:\/\/static.xx.fbcdn.net\/images\/emoji.php\/v9\/t33\/1\/16\/2705.png\" alt=\"\u2705\"> Organizirali sre\u010danje mladih z \u017eupanom, kjer so naslavljali pere\u010de teme in spoznali politiko mladih v ob\u010dini.<\/li>\n<\/ul>\n\n\n\n<ul class=\"wp-block-list\">\n<li><img decoding=\"async\" height=\"16\" width=\"16\" src=\"https:\/\/static.xx.fbcdn.net\/images\/emoji.php\/v9\/t33\/1\/16\/2705.png\" alt=\"\u2705\"> Delno evalvirali Strategijo za mlade Ob\u010dine Idrija 2022\u20132026 ter rezultate predstavili \u017eupanu in mladim.<\/li>\n<\/ul>\n\n\n\n<ul class=\"wp-block-list\">\n<li><img decoding=\"async\" height=\"16\" width=\"16\" src=\"https:\/\/static.xx.fbcdn.net\/images\/emoji.php\/v9\/t33\/1\/16\/2705.png\" alt=\"\u2705\"> Izvedli 2 participativna prora\u010duna za mlade MC Idrija, kjer smo skupaj z mladimi realizirali dve projektni ideji.<\/li>\n<\/ul>\n\n\n\n<ul class=\"wp-block-list\">\n<li><img decoding=\"async\" height=\"16\" width=\"16\" src=\"https:\/\/static.xx.fbcdn.net\/images\/emoji.php\/v9\/t33\/1\/16\/2705.png\" alt=\"\u2705\"> Organizirali smo dve sre\u010danji Sooblikuj MCI! skozi katera smo z aktivnimi mladimi soustvarili program MCI-ja,<\/li>\n<\/ul>\n\n\n\n<ul class=\"wp-block-list\">\n<li><img decoding=\"async\" height=\"16\" width=\"16\" src=\"https:\/\/static.xx.fbcdn.net\/images\/emoji.php\/v9\/t33\/1\/16\/2705.png\" alt=\"\u2705\"> Izvedli usposabljanje o participaciji za \u010dlane Zveze dru\u0161tev MC Idrija.<\/li>\n<\/ul>\n\n\n\n<ul class=\"wp-block-list\">\n<li><img decoding=\"async\" height=\"16\" width=\"16\" src=\"https:\/\/static.xx.fbcdn.net\/images\/emoji.php\/v9\/t33\/1\/16\/2705.png\" alt=\"\u2705\"> Mlade aktivno informirali skozi razli\u010dne aktivnosti \u2013 od sobe participacije do objav na dru\u017ebenih<\/li>\n<\/ul>\n\n\n\n<div class=\"wp-block-qi-blocks-spacer qodef-block-container qodef-block-b3eed227\"><div class=\"qi-block-spacer qodef-block qodef-m\"><\/div><\/div>\n\n\n\n<p class=\"wp-block-paragraph\">Ve\u010d o projektu si lahko prebere\u0161 tukaj: <a href=\"https:\/\/l.facebook.com\/l.php?u=https%3A%2F%2Ferasmus-plus.ec.europa.eu%2Fprojects%2Fsearch%2Fdetails%2F2022-3-SI02-KA154-YOU-000098909%3Ffbclid%3DIwZXh0bgNhZW0CMTAAAR39mABtDCNECioS9TWhC5HFavezx8l-sbBfro0SVTv0kk5un5rOEZ0oOiw_aem_3Ot6FwxWwf24evNaSxBTrg&amp;h=AT1afsu-ON0wxZH7i5htLT3TDfBpacrknXmGpjO_pg2tLsWBDEiAEt-V7p-sm1uomJiDc_qBRYtaTYv3979S9EwaJlEUJzpBhrphM25aWJ9A5IBN3B4s78Vh4jWaASw_iu_W&amp;__tn__=-UK-R&amp;c[0]=AT2FP7X1JRVKjTekvUvjplTbygLhXWuTZpzySBTewKMPKOxiAcWKJOllRf_MAQOPU2ew4IQNpDeiI4uie5tG79DitidWnU0XchyZjXXRbwmEukwcmO5vFNQNKeaPFNvz431OZCtss5ANgX3tv2wuomX0bNdyk6JjzzIcCp3HFfG6zEhMDnIzkeLPeA8ABcxZzDNcwW2enUDEEKQ45ijb0eCKZw\" target=\"_blank\" rel=\"noreferrer noopener\">https:\/\/erasmus-plus.ec.europa.eu\/&#8230;\/2022-3-SI02-KA154&#8230;<\/a><\/p>\n\n\n\n<div class=\"wp-block-qi-blocks-spacer qodef-block-container qodef-block-b3eed227\"><div class=\"qi-block-spacer qodef-block qodef-m\"><\/div><\/div>\n\n\n\n<blockquote class=\"wp-block-quote is-layout-flow wp-block-quote-is-layout-flow\">\n<p class=\"has-large-font-size wp-block-paragraph\">Hvala vsem, ki ste skupaj z nami soustvarili ta projekt! <\/p>\n<\/blockquote>\n\n\n\n<div class=\"wp-block-qi-blocks-spacer qodef-block-container qodef-block-b3eed227\"><div class=\"qi-block-spacer qodef-block qodef-m\"><\/div><\/div>\n\n\n\n<p class=\"wp-block-paragraph\">Projekte, ki jih izvajamo, ter njihove rezultate pa si lahko ogleda\u0161 na na\u0161i spletni strani <a href=\"https:\/\/l.facebook.com\/l.php?u=https%3A%2F%2Fmcidrija.si%2Fprojekti%2F%3Ffbclid%3DIwZXh0bgNhZW0CMTAAAR0YoxPaBwB_fzZofS6RHOVsLuEgmpOU2NNTnTvSlcC0aDvU0nP4cQGNGQs_aem_LJVYNN9WXxoW9SCNv8oAxg&amp;h=AT146yiiDN7sJolehLRbsroToB8MjQfw2dTl397a-NdaT4XZeqf92ra7gjkaD11LqqeEB1yULFc-qfAKHrTp_mmFCuHp2z9aBBSQwIoi7zd4RTu35gXxgGgGXAabDI79G8tm&amp;__tn__=-UK-R&amp;c[0]=AT2FP7X1JRVKjTekvUvjplTbygLhXWuTZpzySBTewKMPKOxiAcWKJOllRf_MAQOPU2ew4IQNpDeiI4uie5tG79DitidWnU0XchyZjXXRbwmEukwcmO5vFNQNKeaPFNvz431OZCtss5ANgX3tv2wuomX0bNdyk6JjzzIcCp3HFfG6zEhMDnIzkeLPeA8ABcxZzDNcwW2enUDEEKQ45ijb0eCKZw\" target=\"_blank\" rel=\"noreferrer noopener\">https:\/\/mcidrija.si\/projekti\/<\/a><\/p>\n","protected":false},"excerpt":{"rendered":"<p>Na\u0161 projekt So-delujmo in So-oblikujmo je bil prepoznan kot dobra praksa! Kaj to sploh pomeni? Nacionalna agencija MOVIT, ki bdi nad slovenskimi projekti je v sklopu programa Erasmus+, specifi\u010dno ukrepa Aktivnosti udejstvovanja mladih, prepoznala, da je bil na\u0161 projekt, izveden v letu 2023 in 2024, na\u010drtovan, izveden in poro\u010dan zelo kvalitetno, v skladu z zadanimi [&hellip;]<\/p>\n","protected":false},"author":252603206,"featured_media":2777,"comment_status":"open","ping_status":"open","sticky":false,"template":"","format":"standard","meta":{"advanced_seo_description":"","jetpack_seo_html_title":"","jetpack_seo_noindex":false,"jetpack_seo_schema_type":"","_jetpack_newsletter_access":"","_jetpack_dont_email_post_to_subs":true,"_jetpack_newsletter_tier_id":0,"_jetpack_memberships_contains_paywalled_content":false,"_wpcom_ai_launchpad_first_post":false,"_jetpack_feature_clip_id":0,"_jetpack_memberships_contains_paid_content":false,"footnotes":"","jetpack_publicize_message":"","jetpack_publicize_feature_enabled":true,"jetpack_social_post_already_shared":true,"jetpack_social_options":{"image_generator_settings":{"template":"highway","enabled":false},"version":2},"_wpas_customize_per_network":false,"jetpack_post_was_ever_published":false},"categories":[1367],"tags":[1537],"class_list":["post-2775","post","type-post","status-publish","format-standard","has-post-thumbnail","hentry","category-novice","tag-dobra-praksa"],"jetpack_publicize_connections":[],"jetpack_likes_enabled":true,"jetpack_sharing_enabled":true,"jetpack_shortlink":"https:\/\/wp.me\/pfSlLi-IL","jetpack-related-posts":[],"jetpack_featured_media_url":"https:\/\/i0.wp.com\/mcidrija.si\/wp-content\/uploads\/2025\/01\/Copy-of-dobra-praksa.jpg?fit=3375%2C2250&ssl=1","_links":{"self":[{"href":"https:\/\/mcidrija.si\/en\/wp-json\/wp\/v2\/posts\/2775","targetHints":{"allow":["GET"]}}],"collection":[{"href":"https:\/\/mcidrija.si\/en\/wp-json\/wp\/v2\/posts"}],"about":[{"href":"https:\/\/mcidrija.si\/en\/wp-json\/wp\/v2\/types\/post"}],"author":[{"embeddable":true,"href":"https:\/\/mcidrija.si\/en\/wp-json\/wp\/v2\/users\/252603206"}],"replies":[{"embeddable":true,"href":"https:\/\/mcidrija.si\/en\/wp-json\/wp\/v2\/comments?post=2775"}],"version-history":[{"count":6,"href":"https:\/\/mcidrija.si\/en\/wp-json\/wp\/v2\/posts\/2775\/revisions"}],"predecessor-version":[{"id":2783,"href":"https:\/\/mcidrija.si\/en\/wp-json\/wp\/v2\/posts\/2775\/revisions\/2783"}],"wp:featuredmedia":[{"embeddable":true,"href":"https:\/\/mcidrija.si\/en\/wp-json\/wp\/v2\/media\/2777"}],"wp:attachment":[{"href":"https:\/\/mcidrija.si\/en\/wp-json\/wp\/v2\/media?parent=2775"}],"wp:term":[{"taxonomy":"category","embeddable":true,"href":"https:\/\/mcidrija.si\/en\/wp-json\/wp\/v2\/categories?post=2775"},{"taxonomy":"post_tag","embeddable":true,"href":"https:\/\/mcidrija.si\/en\/wp-json\/wp\/v2\/tags?post=2775"}],"curies":[{"name":"wp","href":"https:\/\/api.w.org\/{rel}","templated":true}]}}