{"id":3338,"date":"2025-04-10T11:55:09","date_gmt":"2025-04-10T09:55:09","guid":{"rendered":"https:\/\/mcidrija.si\/?p=3338"},"modified":"2025-04-10T11:55:09","modified_gmt":"2025-04-10T09:55:09","slug":"mc-idrija-online-cistilna-akcija-na-svetovni-dan-zemlje","status":"publish","type":"post","link":"https:\/\/mcidrija.si\/en\/2025\/04\/10\/mc-idrija-online-cistilna-akcija-na-svetovni-dan-zemlje\/","title":{"rendered":"MC Idrija online: \u010distilna akcija na svetovni dan Zemlje"},"content":{"rendered":"<p class=\"has-large-font-size wp-block-paragraph\"><strong><img decoding=\"async\" height=\"16\" width=\"16\" src=\"https:\/\/static.xx.fbcdn.net\/images\/emoji.php\/v9\/tf8\/1\/16\/267b.png\" alt=\"\u267b\ufe0f\"><img decoding=\"async\" height=\"16\" width=\"16\" src=\"https:\/\/static.xx.fbcdn.net\/images\/emoji.php\/v9\/t50\/1\/16\/2757.png\" alt=\"\u2757\">Letos bo ekipa MC Idrija \u010distilno akcijo organizirala na malce druga\u010den na\u010din &#8211; vsakdo se je bo lahko udele\u017eil, kjerkoli \u017ee je.<img decoding=\"async\" height=\"16\" width=\"16\" src=\"https:\/\/static.xx.fbcdn.net\/images\/emoji.php\/v9\/t50\/1\/16\/2757.png\" alt=\"\u2757\"><img decoding=\"async\" height=\"16\" width=\"16\" src=\"https:\/\/static.xx.fbcdn.net\/images\/emoji.php\/v9\/tf8\/1\/16\/267b.png\" alt=\"\u267b\ufe0f\"><\/strong><\/p>\n\n\n\n<div class=\"wp-block-qi-blocks-spacer qodef-block-container qodef-block-17643425\"><div class=\"qi-block-spacer qodef-block qodef-m\"><\/div><\/div>\n\n\n\n<figure class=\"wp-block-image size-large\"><img data-recalc-dims=\"1\" fetchpriority=\"high\" decoding=\"async\" width=\"1024\" height=\"768\" data-attachment-id=\"3345\" data-permalink=\"https:\/\/mcidrija.si\/en\/2025\/04\/10\/mc-idrija-online-cistilna-akcija-na-svetovni-dan-zemlje\/wordpress-prikazane-slike-1200x900-1-3\/\" data-orig-file=\"https:\/\/i0.wp.com\/mcidrija.si\/wp-content\/uploads\/2025\/04\/wordpress-prikazane-slike-1200X900-1-2.png?fit=3750%2C2813&amp;ssl=1\" data-orig-size=\"3750,2813\" data-comments-opened=\"1\" data-image-meta=\"{&quot;aperture&quot;:&quot;0&quot;,&quot;credit&quot;:&quot;&quot;,&quot;camera&quot;:&quot;&quot;,&quot;caption&quot;:&quot;&quot;,&quot;created_timestamp&quot;:&quot;0&quot;,&quot;copyright&quot;:&quot;&quot;,&quot;focal_length&quot;:&quot;0&quot;,&quot;iso&quot;:&quot;0&quot;,&quot;shutter_speed&quot;:&quot;0&quot;,&quot;title&quot;:&quot;&quot;,&quot;orientation&quot;:&quot;0&quot;}\" data-image-title=\"wordpress prikazane slike 1200X900 (1)\" data-image-description=\"\" data-image-caption=\"\" data-large-file=\"https:\/\/i0.wp.com\/mcidrija.si\/wp-content\/uploads\/2025\/04\/wordpress-prikazane-slike-1200X900-1-2.png?fit=1024%2C768&amp;ssl=1\" src=\"https:\/\/i0.wp.com\/mcidrija.si\/wp-content\/uploads\/2025\/04\/wordpress-prikazane-slike-1200X900-1-2.png?resize=1024%2C768&#038;ssl=1\" alt=\"\" class=\"wp-image-3345\" srcset=\"https:\/\/i0.wp.com\/mcidrija.si\/wp-content\/uploads\/2025\/04\/wordpress-prikazane-slike-1200X900-1-2.png?resize=1024%2C768&amp;ssl=1 1024w, https:\/\/i0.wp.com\/mcidrija.si\/wp-content\/uploads\/2025\/04\/wordpress-prikazane-slike-1200X900-1-2.png?resize=300%2C225&amp;ssl=1 300w, https:\/\/i0.wp.com\/mcidrija.si\/wp-content\/uploads\/2025\/04\/wordpress-prikazane-slike-1200X900-1-2.png?resize=768%2C576&amp;ssl=1 768w, https:\/\/i0.wp.com\/mcidrija.si\/wp-content\/uploads\/2025\/04\/wordpress-prikazane-slike-1200X900-1-2.png?resize=1536%2C1152&amp;ssl=1 1536w, https:\/\/i0.wp.com\/mcidrija.si\/wp-content\/uploads\/2025\/04\/wordpress-prikazane-slike-1200X900-1-2.png?resize=2048%2C1536&amp;ssl=1 2048w, https:\/\/i0.wp.com\/mcidrija.si\/wp-content\/uploads\/2025\/04\/wordpress-prikazane-slike-1200X900-1-2.png?resize=1200%2C900&amp;ssl=1 1200w, https:\/\/i0.wp.com\/mcidrija.si\/wp-content\/uploads\/2025\/04\/wordpress-prikazane-slike-1200X900-1-2.png?resize=800%2C600&amp;ssl=1 800w, https:\/\/i0.wp.com\/mcidrija.si\/wp-content\/uploads\/2025\/04\/wordpress-prikazane-slike-1200X900-1-2.png?resize=600%2C450&amp;ssl=1 600w, https:\/\/i0.wp.com\/mcidrija.si\/wp-content\/uploads\/2025\/04\/wordpress-prikazane-slike-1200X900-1-2.png?resize=400%2C300&amp;ssl=1 400w, https:\/\/i0.wp.com\/mcidrija.si\/wp-content\/uploads\/2025\/04\/wordpress-prikazane-slike-1200X900-1-2.png?resize=200%2C150&amp;ssl=1 200w, https:\/\/i0.wp.com\/mcidrija.si\/wp-content\/uploads\/2025\/04\/wordpress-prikazane-slike-1200X900-1-2.png?w=3000&amp;ssl=1 3000w\" sizes=\"(max-width: 1000px) 100vw, 1000px\" \/><\/figure>\n\n\n\n<div class=\"wp-block-qi-blocks-spacer qodef-block-container qodef-block-90c9520c\"><div class=\"qi-block-spacer qodef-block qodef-m\"><\/div><\/div>\n\n\n\n<p class=\"wp-block-paragraph\">Na svetovni dan Zemlje, <strong>22. 4. 2025<\/strong>, te vabimo, da se odpravi\u0161 na sprehod v svojo bli\u017enjo okolico, s seboj vzame\u0161 vre\u010dko in odstrani\u0161 smeti iz narave. Pobiraj smeti, ki jih najde\u0161 na poti, ter poskrbi, da bo tvoja neposredna okolica in posledi\u010dno na\u0161 planet, malce lep\u0161i.<img loading=\"lazy\" decoding=\"async\" height=\"16\" width=\"16\" src=\"https:\/\/static.xx.fbcdn.net\/images\/emoji.php\/v9\/tc0\/1\/16\/1f30e.png\" alt=\"\ud83c\udf0e\"><\/p>\n\n\n\n<div class=\"wp-block-qi-blocks-spacer qodef-block-container qodef-block-90c9520c\"><div class=\"qi-block-spacer qodef-block qodef-m\"><\/div><\/div>\n\n\n\n<h3 class=\"wp-block-heading\">Kako sodeluje\u0161?<\/h3>\n\n\n\n<ul class=\"wp-block-list\">\n<li class=\"has-medium-font-size\">Izberi si okolico v bli\u017eini tvojega doma\/podjetja\/\u0161ole.<\/li>\n\n\n\n<li class=\"has-medium-font-size\"><strong>Vzemi vre\u010dko in rokavice ter pobiraj smeti.<\/strong><br>Brezpla\u010dno vre\u010dko in rokavice lahko prevzame\u0161 tudi na Komunali Idrija med 8. in 14. uro od 15. 4. 2025 dalje.<\/li>\n\n\n\n<li class=\"has-medium-font-size\"><strong>Slikaj <\/strong>vre\u010dko pred in po akciji. Ali pa naredi \u2018prej-potem\u2019 fotografijo onesna\u017eene lokacije.<\/li>\n\n\n\n<li class=\"has-medium-font-size\"><strong>Ozna\u010di <\/strong>@mcidrija na Instagramu ali Facebooku in za trud bo\u0161 prejel_a simboli\u010dno nagrado (fotografijo nam lahko po\u0161lje\u0161 tudi po mailu: info@mcidrija.si).<\/li>\n<\/ul>\n\n\n\n<div class=\"wp-block-qi-blocks-spacer qodef-block-container qodef-block-90c9520c\"><div class=\"qi-block-spacer qodef-block qodef-m\"><\/div><\/div>\n\n\n\n<p class=\"wp-block-paragraph\">ZA \u0160OLE\/PODJETJA: V kolikor se boste akcije lotili skupaj kot razred, nam lahko slike po\u0161ljete tudi na info@mcidrija.si in za trud boste prejeli simboli\u010dno nagrado.<\/p>\n\n\n\n<div class=\"wp-block-qi-blocks-spacer qodef-block-container qodef-block-90c9520c\"><div class=\"qi-block-spacer qodef-block qodef-m\"><\/div><\/div>\n\n\n\n<h3 class=\"wp-block-heading\">Zakaj se nam pridru\u017eiti?<\/h3>\n\n\n\n<blockquote class=\"wp-block-quote is-layout-flow wp-block-quote-is-layout-flow\">\n<p class=\"has-medium-font-size wp-block-paragraph\">Ker lahko skupaj naredimo veliko ve\u010d! <br>Tvoja dejanja \u0161tejejo &#8211; pridru\u017ei se nam in pomagaj ustvariti \u010distej\u0161i svet<\/p>\n<\/blockquote>\n\n\n\n<div class=\"wp-block-qi-blocks-spacer qodef-block-container qodef-block-90c9520c\"><div class=\"qi-block-spacer qodef-block qodef-m\"><\/div><\/div>\n\n\n\n<div class=\"wp-block-jetpack-tiled-gallery aligncenter is-style-rectangular\"><div class=\"\"><div class=\"tiled-gallery__gallery\"><div class=\"tiled-gallery__row\"><div class=\"tiled-gallery__col\" style=\"flex-basis:50.00000%\"><figure class=\"tiled-gallery__item\"><img decoding=\"async\" data-attachment-id=\"3347\" data-permalink=\"https:\/\/mcidrija.si\/en\/2025\/04\/10\/mc-idrija-online-cistilna-akcija-na-svetovni-dan-zemlje\/cistilna-akcija-ig-fb-1\/\" data-orig-file=\"https:\/\/i0.wp.com\/mcidrija.si\/wp-content\/uploads\/2025\/04\/Cistilna-akcija-IG-FB-1.png?fit=3375%2C4219&amp;ssl=1\" data-orig-size=\"3375,4219\" data-comments-opened=\"1\" data-image-meta=\"{&quot;aperture&quot;:&quot;0&quot;,&quot;credit&quot;:&quot;&quot;,&quot;camera&quot;:&quot;&quot;,&quot;caption&quot;:&quot;&quot;,&quot;created_timestamp&quot;:&quot;0&quot;,&quot;copyright&quot;:&quot;&quot;,&quot;focal_length&quot;:&quot;0&quot;,&quot;iso&quot;:&quot;0&quot;,&quot;shutter_speed&quot;:&quot;0&quot;,&quot;title&quot;:&quot;&quot;,&quot;orientation&quot;:&quot;0&quot;}\" data-image-title=\"\u010cistilna akcija IG FB 1\" data-image-description=\"\" data-image-caption=\"\" data-large-file=\"https:\/\/i0.wp.com\/mcidrija.si\/wp-content\/uploads\/2025\/04\/Cistilna-akcija-IG-FB-1.png?fit=819%2C1024&amp;ssl=1\" role=\"button\" tabindex=\"0\" aria-label=\"Open image 1 of 2 in full-screen\" srcset=\"https:\/\/i0.wp.com\/mcidrija.si\/wp-content\/uploads\/2025\/04\/Cistilna-akcija-IG-FB-1-819x1024.png?strip=info&#038;w=600&#038;ssl=1 600w,https:\/\/i0.wp.com\/mcidrija.si\/wp-content\/uploads\/2025\/04\/Cistilna-akcija-IG-FB-1-819x1024.png?strip=info&#038;w=819&#038;ssl=1 819w\" alt=\"\" data-height=\"4219\" data-id=\"3347\" data-link=\"https:\/\/mcidrija.si\/?attachment_id=3347\" data-url=\"https:\/\/mcidrija.si\/wp-content\/uploads\/2025\/04\/Cistilna-akcija-IG-FB-1-819x1024.png\" data-width=\"3375\" src=\"https:\/\/i0.wp.com\/mcidrija.si\/wp-content\/uploads\/2025\/04\/Cistilna-akcija-IG-FB-1-819x1024.png?ssl=1\" data-amp-layout=\"responsive\"\/><\/figure><\/div><div class=\"tiled-gallery__col\" style=\"flex-basis:50.00000%\"><figure class=\"tiled-gallery__item\"><img decoding=\"async\" data-attachment-id=\"3348\" data-permalink=\"https:\/\/mcidrija.si\/en\/2025\/04\/10\/mc-idrija-online-cistilna-akcija-na-svetovni-dan-zemlje\/cistilna-akcija-ig-fb-2\/\" data-orig-file=\"https:\/\/i0.wp.com\/mcidrija.si\/wp-content\/uploads\/2025\/04\/Cistilna-akcija-IG-FB-2.png?fit=3375%2C4219&amp;ssl=1\" data-orig-size=\"3375,4219\" data-comments-opened=\"1\" data-image-meta=\"{&quot;aperture&quot;:&quot;0&quot;,&quot;credit&quot;:&quot;&quot;,&quot;camera&quot;:&quot;&quot;,&quot;caption&quot;:&quot;&quot;,&quot;created_timestamp&quot;:&quot;0&quot;,&quot;copyright&quot;:&quot;&quot;,&quot;focal_length&quot;:&quot;0&quot;,&quot;iso&quot;:&quot;0&quot;,&quot;shutter_speed&quot;:&quot;0&quot;,&quot;title&quot;:&quot;&quot;,&quot;orientation&quot;:&quot;0&quot;}\" data-image-title=\"\u010cistilna akcija IG FB 2\" data-image-description=\"\" data-image-caption=\"\" data-large-file=\"https:\/\/i0.wp.com\/mcidrija.si\/wp-content\/uploads\/2025\/04\/Cistilna-akcija-IG-FB-2.png?fit=819%2C1024&amp;ssl=1\" role=\"button\" tabindex=\"0\" aria-label=\"Open image 2 of 2 in full-screen\" srcset=\"https:\/\/i0.wp.com\/mcidrija.si\/wp-content\/uploads\/2025\/04\/Cistilna-akcija-IG-FB-2-819x1024.png?strip=info&#038;w=600&#038;ssl=1 600w,https:\/\/i0.wp.com\/mcidrija.si\/wp-content\/uploads\/2025\/04\/Cistilna-akcija-IG-FB-2-819x1024.png?strip=info&#038;w=819&#038;ssl=1 819w\" alt=\"\" data-height=\"4219\" data-id=\"3348\" data-link=\"https:\/\/mcidrija.si\/?attachment_id=3348\" data-url=\"https:\/\/mcidrija.si\/wp-content\/uploads\/2025\/04\/Cistilna-akcija-IG-FB-2-819x1024.png\" data-width=\"3375\" src=\"https:\/\/i0.wp.com\/mcidrija.si\/wp-content\/uploads\/2025\/04\/Cistilna-akcija-IG-FB-2-819x1024.png?ssl=1\" data-amp-layout=\"responsive\"\/><\/figure><\/div><\/div><\/div><\/div><\/div>","protected":false},"excerpt":{"rendered":"<p>Letos bo ekipa MC Idrija \u010distilno akcijo organizirala na malce druga\u010den na\u010din &#8211; vsakdo se je bo lahko udele\u017eil, kjerkoli \u017ee je. Na svetovni dan Zemlje, 22. 4. 2025, te vabimo, da se odpravi\u0161 na sprehod v svojo bli\u017enjo okolico, s seboj vzame\u0161 vre\u010dko in odstrani\u0161 smeti iz narave. Pobiraj smeti, ki jih najde\u0161 na [&hellip;]<\/p>\n","protected":false},"author":252603206,"featured_media":3344,"comment_status":"open","ping_status":"open","sticky":false,"template":"","format":"standard","meta":{"advanced_seo_description":"","jetpack_seo_html_title":"","jetpack_seo_noindex":false,"jetpack_seo_schema_type":"","_jetpack_newsletter_access":"","_jetpack_dont_email_post_to_subs":true,"_jetpack_newsletter_tier_id":0,"_jetpack_memberships_contains_paywalled_content":false,"_wpcom_ai_launchpad_first_post":false,"_jetpack_feature_clip_id":0,"_jetpack_memberships_contains_paid_content":false,"footnotes":"","jetpack_publicize_message":"","jetpack_publicize_feature_enabled":true,"jetpack_social_post_already_shared":true,"jetpack_social_options":{"image_generator_settings":{"template":"highway","enabled":false},"version":2},"_wpas_customize_per_network":false,"jetpack_post_was_ever_published":false},"categories":[1367],"tags":[1545,1399,1389,1387,1554],"class_list":["post-3338","post","type-post","status-publish","format-standard","has-post-thumbnail","hentry","category-novice","tag-drugo-zivljenje","tag-reuse","tag-zero-waste","tag-zmanjsaj","tag-cistilna-akcija"],"jetpack_publicize_connections":[],"jetpack_likes_enabled":true,"jetpack_sharing_enabled":true,"jetpack_shortlink":"https:\/\/wp.me\/pfSlLi-RQ","jetpack-related-posts":[],"jetpack_featured_media_url":"https:\/\/i0.wp.com\/mcidrija.si\/wp-content\/uploads\/2025\/04\/wordpress-prikazane-slike-1200X900-1-1.png?fit=3750%2C2813&ssl=1","_links":{"self":[{"href":"https:\/\/mcidrija.si\/en\/wp-json\/wp\/v2\/posts\/3338","targetHints":{"allow":["GET"]}}],"collection":[{"href":"https:\/\/mcidrija.si\/en\/wp-json\/wp\/v2\/posts"}],"about":[{"href":"https:\/\/mcidrija.si\/en\/wp-json\/wp\/v2\/types\/post"}],"author":[{"embeddable":true,"href":"https:\/\/mcidrija.si\/en\/wp-json\/wp\/v2\/users\/252603206"}],"replies":[{"embeddable":true,"href":"https:\/\/mcidrija.si\/en\/wp-json\/wp\/v2\/comments?post=3338"}],"version-history":[{"count":9,"href":"https:\/\/mcidrija.si\/en\/wp-json\/wp\/v2\/posts\/3338\/revisions"}],"predecessor-version":[{"id":3351,"href":"https:\/\/mcidrija.si\/en\/wp-json\/wp\/v2\/posts\/3338\/revisions\/3351"}],"wp:featuredmedia":[{"embeddable":true,"href":"https:\/\/mcidrija.si\/en\/wp-json\/wp\/v2\/media\/3344"}],"wp:attachment":[{"href":"https:\/\/mcidrija.si\/en\/wp-json\/wp\/v2\/media?parent=3338"}],"wp:term":[{"taxonomy":"category","embeddable":true,"href":"https:\/\/mcidrija.si\/en\/wp-json\/wp\/v2\/categories?post=3338"},{"taxonomy":"post_tag","embeddable":true,"href":"https:\/\/mcidrija.si\/en\/wp-json\/wp\/v2\/tags?post=3338"}],"curies":[{"name":"wp","href":"https:\/\/api.w.org\/{rel}","templated":true}]}}