{"id":3484,"date":"2025-04-30T07:24:52","date_gmt":"2025-04-30T05:24:52","guid":{"rendered":"https:\/\/mcidrija.si\/?p=3484"},"modified":"2025-05-07T09:11:13","modified_gmt":"2025-05-07T07:11:13","slug":"kaj-vse-smo-proti-prekarnosti-storili-do-sedaj","status":"publish","type":"post","link":"https:\/\/mcidrija.si\/en\/2025\/04\/30\/kaj-vse-smo-proti-prekarnosti-storili-do-sedaj\/","title":{"rendered":"Kaj vse smo PROTI PREKARNOSTI storili do sedaj?"},"content":{"rendered":"<p class=\"wp-block-paragraph\"><strong><em>V Mladinskem centru Idrija smo v lanskem letu za\u010deli z izvedbo projekta, ki ozave\u0161\u010da in svetuje mladim o varnem in dostojnem del, ter jim pomaga z navigiranjem vstopa na trg dela.<\/em><\/strong><\/p>\n\n\n\n<div class=\"wp-block-qi-blocks-spacer qodef-block-container qodef-block-e6a6151e\"><div class=\"qi-block-spacer qodef-block qodef-m\"><\/div><\/div>\n\n\n\n<p class=\"wp-block-paragraph\">Prekarno delo je pojav, ki v zadnjih letih mo\u010dno zaznamuje trg dela \u2013 \u0161e posebej med mladimi. Gre za oblike zaposlitve, ki so negotove, brez dolgoro\u010dnih pogodb in pogosto tudi brez osnovnih socialnih pravic, kot so pla\u010dan dopust, bolni\u0161ka odsotnost ali regres.<\/p>\n\n\n\n<div class=\"wp-block-qi-blocks-spacer qodef-block-container qodef-block-e6a6151e\"><div class=\"qi-block-spacer qodef-block qodef-m\"><\/div><\/div>\n\n\n\n<p class=\"wp-block-paragraph\">\u010ceprav izraz &#8220;prekarno delo&#8221; ni pravno opredeljen, ga v vsakdanjih pogovorih pogosto sli\u0161imo \u2013 in to z razlogom. <strong>Po podatkih Statisti\u010dnega urada Republike Slovenije iz junija 2024<\/strong> je bilo v Sloveniji <strong>65.000 ljudi zaposlenih v prekarnih oblikah dela<\/strong>, pri \u010demer najve\u010dji dele\u017e (kar <strong>39 %<\/strong>) predstavljajo mladi, ki delajo prek \u0161tudentskega servisa. Sledijo agencijsko delo (32 %), samozaposleni, ki delajo le za eno stranko (19 %) ter neprostovoljno zaposleni za kraj\u0161i delovni \u010das (11 %) (vir: SURS, 2024).<\/p>\n\n\n\n<p class=\"wp-block-paragraph\">Zato smo se v Mladinskem centru Idrija odlo\u010dili, da se z izzivi prekarnosti med mladimi spopademo aktivno. V okviru nacionalnega projekta z naslovom <strong>\u00bbZ mladinskim delom o prekarnosti mladih \u2013 pilotni projekt \u2013 Zveza MC Idrija\u00ab<\/strong>, ki ga vodi <strong>Ministrstvo za vzgojo in izobra\u017eevanje<\/strong> in je <strong>sofinanciran s strani Evropske unije<\/strong>, ozave\u0161\u010damo mlade o njihovih pravicah, delimo pomembne informacije in z individualnim svetovanjem nudimo podporo pri iskanju dostojnega dela.<\/p>\n\n\n\n<div class=\"wp-block-qi-blocks-spacer qodef-block-container qodef-block-e6a6151e\"><div class=\"qi-block-spacer qodef-block qodef-m\"><\/div><\/div>\n\n\n\n<div class=\"wp-block-qi-blocks-spacer qodef-block-container qodef-block-e6a6151e\"><div class=\"qi-block-spacer qodef-block qodef-m\"><\/div><\/div>\n\n\n\n<h3 class=\"wp-block-heading\">Zanimiv program usposabljanja, osebno svetovanje ob kavi, anonimna pri\u010devanja \u2026<\/h3>\n\n\n\n<p class=\"wp-block-paragraph\">V zadnjih mesecih smo razvili in izvedli pester nabor aktivnosti, s katerimi \u017eelimo mlade v lokalnem okolju opremiti z znanjem, samozavestjo in prakti\u010dnimi orodji za bolj\u0161i za\u010detek delovne poti.<\/p>\n\n\n\n<div class=\"wp-block-qi-blocks-spacer qodef-block-container qodef-block-e6a6151e\"><div class=\"qi-block-spacer qodef-block qodef-m\"><\/div><\/div>\n\n\n\n<p class=\"wp-block-paragraph\">Po \u0161olah, po krajevnih skupnostih, v lokalnih mladinskih dru\u0161tvih, smo organizirali sre\u010danja, kjer se mladi skozi pogovor, kvize, vizualizacije in primere iz vsakdanjega \u017eivljenja seznanijo z osnovami delovno-pravne zakonodaje. Spodbujamo jih, da razmislijo, kak\u0161no zaposlitev si \u017eelijo in kako jo lahko dose\u017eejo. Pogosto se zgodi, da prvi\u010d sli\u0161ijo, kaj sploh pomeni imeti pla\u010dan dopust, kaj je minimalna urna postavka ali kaj lahko storijo, \u010de \u010dutijo, da jih delodajalec izkori\u0161\u010da.<\/p>\n\n\n\n<p class=\"wp-block-paragraph\">Posebej se posve\u010damo tudi \u0161tudentskemu delu \u2013 obliki zaposlitve, s katero se skoraj vsi mladi sre\u010dajo, a se le redki zavedajo, kak\u0161ne pravice imajo in katere so pasti, ki jih prina\u0161a.<\/p>\n\n\n\n<div class=\"wp-block-qi-blocks-spacer qodef-block-container qodef-block-e6a6151e\"><div class=\"qi-block-spacer qodef-block qodef-m\"><\/div><\/div>\n\n\n\n<p class=\"wp-block-paragraph\">Na na\u0161ih dru\u017ebenih omre\u017ejih redno objavljamo kratke in uporabne vsebine, ki mladim pomagajo pri odlo\u010danju o zaposlitvi ali nadaljevanju izobra\u017eevanja. Hkrati smo na spletni strani MC Idrija odprli mo\u017enost za <strong>anonimno deljenje izku\u0161enj z delodajalci<\/strong>, saj verjamemo, da si izmenjava zgodb lahko veliko pomeni. Ko nekdo pogumno opi\u0161e svojo izku\u0161njo, lahko s tem prepre\u010di, da bi drugi do\u017eiveli enako.<\/p>\n\n\n\n<div class=\"wp-block-qi-blocks-spacer qodef-block-container qodef-block-e6a6151e\"><div class=\"qi-block-spacer qodef-block qodef-m\"><\/div><\/div>\n\n\n\n<p class=\"wp-block-paragraph\">Velik poudarek dajemo tudi <strong>osebnemu svetovanju, <\/strong>v pisarni MC Idrija, kjer so mladi dobrodo\u0161li vsak dan med 8.00 in 15.00 uro ali druga\u010de, po dogovoru na zarja.baselj@mcidrija.si. Mladim na svetovanju, ob kavi, pomagamo pri pisanju \u017eivljenjepisov in motivacijskih pisem, jih vodimo skozi naro\u010danje prve \u0161tudentske napotnice, svetujemo pri iskanju poletnega dela ali pa preprosto prisluhnemo, v kolikor se kdo soo\u010da s stisko ob prehodu na trg dela. Poleti bomo z na\u0161o mobilno pisarno obiskali tudi okoli\u0161ke kraje, da bomo podporo pribli\u017eali \u0161e ve\u010d mladim.<\/p>\n\n\n\n<div class=\"wp-block-qi-blocks-spacer qodef-block-container qodef-block-e6a6151e\"><div class=\"qi-block-spacer qodef-block qodef-m\"><\/div><\/div>\n\n\n\n<p class=\"wp-block-paragraph\">Prepoznali smo, da pri lokalnih mladi zaradi velikih obremenitev na razli\u010dnih podro\u010djih, trpi njihovo du\u0161evno zdravje, zato smo v zimskih mesecih pripravili vrsto <strong>sprostitvenih delavnic<\/strong>: od glasbenih kopeli, ustvarjanja z glino, do spro\u0161\u010danja skozi risanje. Vse z namenom, da mladim ponudimo varno okolje za izra\u017eanje, umirjanje in spoznavanje z orodji za spro\u0161\u010danje v vsakdanjem \u017eivljenju.<\/p>\n\n\n\n<div class=\"wp-block-qi-blocks-spacer qodef-block-container qodef-block-e6a6151e\"><div class=\"qi-block-spacer qodef-block qodef-m\"><\/div><\/div>\n\n\n\n<figure class=\"wp-block-image aligncenter size-large\"><img data-recalc-dims=\"1\" fetchpriority=\"high\" decoding=\"async\" width=\"768\" height=\"1024\" data-attachment-id=\"3490\" data-permalink=\"https:\/\/mcidrija.si\/en\/2025\/04\/30\/kaj-vse-smo-proti-prekarnosti-storili-do-sedaj\/img-20250124-wa0009\/\" data-orig-file=\"https:\/\/i0.wp.com\/mcidrija.si\/wp-content\/uploads\/2025\/04\/IMG-20250124-WA0009.jpg?fit=1530%2C2040&amp;ssl=1\" data-orig-size=\"1530,2040\" data-comments-opened=\"1\" data-image-meta=\"{&quot;aperture&quot;:&quot;0&quot;,&quot;credit&quot;:&quot;&quot;,&quot;camera&quot;:&quot;&quot;,&quot;caption&quot;:&quot;&quot;,&quot;created_timestamp&quot;:&quot;0&quot;,&quot;copyright&quot;:&quot;&quot;,&quot;focal_length&quot;:&quot;0&quot;,&quot;iso&quot;:&quot;0&quot;,&quot;shutter_speed&quot;:&quot;0&quot;,&quot;title&quot;:&quot;&quot;,&quot;orientation&quot;:&quot;0&quot;}\" data-image-title=\"IMG-20250124-WA0009\" data-image-description=\"\" data-image-caption=\"\" data-large-file=\"https:\/\/i0.wp.com\/mcidrija.si\/wp-content\/uploads\/2025\/04\/IMG-20250124-WA0009.jpg?fit=768%2C1024&amp;ssl=1\" src=\"https:\/\/i0.wp.com\/mcidrija.si\/wp-content\/uploads\/2025\/04\/IMG-20250124-WA0009.jpg?resize=768%2C1024&#038;ssl=1\" alt=\"\" class=\"wp-image-3490\" srcset=\"https:\/\/i0.wp.com\/mcidrija.si\/wp-content\/uploads\/2025\/04\/IMG-20250124-WA0009.jpg?resize=768%2C1024&amp;ssl=1 768w, https:\/\/i0.wp.com\/mcidrija.si\/wp-content\/uploads\/2025\/04\/IMG-20250124-WA0009.jpg?resize=225%2C300&amp;ssl=1 225w, https:\/\/i0.wp.com\/mcidrija.si\/wp-content\/uploads\/2025\/04\/IMG-20250124-WA0009.jpg?resize=1152%2C1536&amp;ssl=1 1152w, https:\/\/i0.wp.com\/mcidrija.si\/wp-content\/uploads\/2025\/04\/IMG-20250124-WA0009.jpg?resize=900%2C1200&amp;ssl=1 900w, https:\/\/i0.wp.com\/mcidrija.si\/wp-content\/uploads\/2025\/04\/IMG-20250124-WA0009.jpg?resize=600%2C800&amp;ssl=1 600w, https:\/\/i0.wp.com\/mcidrija.si\/wp-content\/uploads\/2025\/04\/IMG-20250124-WA0009.jpg?resize=450%2C600&amp;ssl=1 450w, https:\/\/i0.wp.com\/mcidrija.si\/wp-content\/uploads\/2025\/04\/IMG-20250124-WA0009.jpg?resize=300%2C400&amp;ssl=1 300w, https:\/\/i0.wp.com\/mcidrija.si\/wp-content\/uploads\/2025\/04\/IMG-20250124-WA0009.jpg?resize=150%2C200&amp;ssl=1 150w, https:\/\/i0.wp.com\/mcidrija.si\/wp-content\/uploads\/2025\/04\/IMG-20250124-WA0009.jpg?resize=1200%2C1600&amp;ssl=1 1200w, https:\/\/i0.wp.com\/mcidrija.si\/wp-content\/uploads\/2025\/04\/IMG-20250124-WA0009.jpg?w=1530&amp;ssl=1 1530w\" sizes=\"(max-width: 768px) 100vw, 768px\" \/><figcaption class=\"wp-element-caption\">Sprostitveni petek: delavnica zvo\u010dne kopeli<\/figcaption><\/figure>\n\n\n\n<div class=\"wp-block-qi-blocks-spacer qodef-block-container qodef-block-e6a6151e\"><div class=\"qi-block-spacer qodef-block qodef-m\"><\/div><\/div>\n\n\n\n<div class=\"wp-block-qi-blocks-spacer qodef-block-container qodef-block-e6a6151e\"><div class=\"qi-block-spacer qodef-block qodef-m\"><\/div><\/div>\n\n\n\n<h3 class=\"wp-block-heading\">Kaj sledi v naslednjih mesecih?<\/h3>\n\n\n\n<p class=\"wp-block-paragraph\">Na\u0161a zaveza ostaja jasna: mlade \u017eelimo opremiti z znanjem in samozavestjo za \u017eivljenje in delo v svetu, ki se hitro spreminja. V prihodnjih mesecih na\u010drtujemo, da bomo dosegli \u0161e ve\u010d mladih \u2013 v \u0161olah, dru\u0161tvih in drugih organizacijah \u2013 ter zanje pripravili delavnice, ki bodo v pomo\u010d pri soo\u010danju s pritiski, usklajevanju vsakdanjika in na\u010drtovanju kariere.<\/p>\n\n\n\n<p class=\"wp-block-paragraph\"><\/p>\n\n\n\n<p class=\"wp-block-paragraph\">Ve\u010d informacij o prihajajo\u010dih dogodkih in mo\u017enostih sodelovanja najdete na na\u0161i <strong>spletni strani<\/strong>, podstran <a href=\"https:\/\/mcidrija.si\/en\/z-mladinskim-delom-proti-prekarnosti-mladih\/\" data-type=\"link\" data-id=\"https:\/\/mcidrija.si\/z-mladinskim-delom-proti-prekarnosti-mladih\/\">Z mladinskim delom proti prekarnosti mladih<\/a>, \u0161e ve\u010d uporabnih vsebin pa delimo na <strong>dru\u017ebenih omre\u017ejih<\/strong>. \u010ce ste organizacija, dru\u0161tvo, \u0161ola ali posameznik in bi \u017eeleli, da usposabljanje izvedemo pri vas, nam pi\u0161ite na: <strong>zarja.baselj@mcidrija.si<\/strong>.<\/p>\n\n\n\n<div class=\"wp-block-qi-blocks-spacer qodef-block-container qodef-block-e6a6151e\"><div class=\"qi-block-spacer qodef-block qodef-m\"><\/div><\/div>\n\n\n\n<p class=\"wp-block-paragraph\"><em>Projekt sofinancira Evropska unija. Leto razpisa: 2023. Trajanje projekta: 1. 6. 2024 \u2013 31. 12. 2026. Vrednost projekta (prejeta sredstva): 87.060,40 \u20ac (od tega vrednost EU financiranja 34.824,16 \u20ac). Ve\u010d informacij o Evropskih sredstvih najdete na: <a href=\"https:\/\/evropskasredstva.si\/\" rel=\"nofollow\">https:\/\/evropskasredstva.si\/<\/a><\/em><\/p>\n\n\n\n<figure class=\"wp-block-image size-full\"><img data-recalc-dims=\"1\" decoding=\"async\" width=\"1000\" height=\"300\" data-attachment-id=\"3489\" data-permalink=\"https:\/\/mcidrija.si\/en\/2025\/04\/30\/kaj-vse-smo-proti-prekarnosti-storili-do-sedaj\/vsi-logotipi\/\" data-orig-file=\"https:\/\/i0.wp.com\/mcidrija.si\/wp-content\/uploads\/2025\/04\/Vsi-logotipi.png?fit=1000%2C300&amp;ssl=1\" data-orig-size=\"1000,300\" data-comments-opened=\"1\" data-image-meta=\"{&quot;aperture&quot;:&quot;0&quot;,&quot;credit&quot;:&quot;&quot;,&quot;camera&quot;:&quot;&quot;,&quot;caption&quot;:&quot;&quot;,&quot;created_timestamp&quot;:&quot;0&quot;,&quot;copyright&quot;:&quot;&quot;,&quot;focal_length&quot;:&quot;0&quot;,&quot;iso&quot;:&quot;0&quot;,&quot;shutter_speed&quot;:&quot;0&quot;,&quot;title&quot;:&quot;&quot;,&quot;orientation&quot;:&quot;0&quot;}\" data-image-title=\"Vsi logotipi\" data-image-description=\"\" data-image-caption=\"\" data-large-file=\"https:\/\/i0.wp.com\/mcidrija.si\/wp-content\/uploads\/2025\/04\/Vsi-logotipi.png?fit=1000%2C300&amp;ssl=1\" src=\"https:\/\/i0.wp.com\/mcidrija.si\/wp-content\/uploads\/2025\/04\/Vsi-logotipi.png?resize=1000%2C300&#038;ssl=1\" alt=\"\" class=\"wp-image-3489\" srcset=\"https:\/\/i0.wp.com\/mcidrija.si\/wp-content\/uploads\/2025\/04\/Vsi-logotipi.png?w=1000&amp;ssl=1 1000w, https:\/\/i0.wp.com\/mcidrija.si\/wp-content\/uploads\/2025\/04\/Vsi-logotipi.png?resize=300%2C90&amp;ssl=1 300w, https:\/\/i0.wp.com\/mcidrija.si\/wp-content\/uploads\/2025\/04\/Vsi-logotipi.png?resize=768%2C230&amp;ssl=1 768w\" sizes=\"(max-width: 1000px) 100vw, 1000px\" \/><\/figure>","protected":false},"excerpt":{"rendered":"<p>V Mladinskem centru Idrija smo v lanskem letu za\u010deli z izvedbo projekta, ki ozave\u0161\u010da in svetuje mladim o varnem in dostojnem del, ter jim pomaga z navigiranjem vstopa na trg dela. Prekarno delo je pojav, ki v zadnjih letih mo\u010dno zaznamuje trg dela \u2013 \u0161e posebej med mladimi. Gre za oblike zaposlitve, ki so negotove, [&hellip;]<\/p>\n","protected":false},"author":252603206,"featured_media":3493,"comment_status":"open","ping_status":"open","sticky":false,"template":"","format":"standard","meta":{"advanced_seo_description":"","jetpack_seo_html_title":"","jetpack_seo_noindex":false,"jetpack_seo_schema_type":"","_jetpack_newsletter_access":"","_jetpack_dont_email_post_to_subs":false,"_jetpack_newsletter_tier_id":0,"_jetpack_memberships_contains_paywalled_content":false,"_wpcom_ai_launchpad_first_post":false,"_jetpack_feature_clip_id":0,"_jetpack_memberships_contains_paid_content":false,"footnotes":"","jetpack_publicize_message":"{title}\n\n{excerpt}\n\n{url}","jetpack_publicize_feature_enabled":true,"jetpack_social_post_already_shared":true,"jetpack_social_options":{"image_generator_settings":{"template":"highway","default_image_id":0,"font":"","enabled":false},"version":2},"_wpas_customize_per_network":false,"jetpack_post_was_ever_published":false},"categories":[1367],"tags":[1432],"class_list":["post-3484","post","type-post","status-publish","format-standard","has-post-thumbnail","hentry","category-novice","tag-prekarnost"],"jetpack_publicize_connections":[],"jetpack_likes_enabled":true,"jetpack_sharing_enabled":true,"jetpack_shortlink":"https:\/\/wp.me\/pfSlLi-Uc","jetpack-related-posts":[],"jetpack_featured_media_url":"https:\/\/i0.wp.com\/mcidrija.si\/wp-content\/uploads\/2025\/04\/website-size.png?fit=1200%2C900&ssl=1","_links":{"self":[{"href":"https:\/\/mcidrija.si\/en\/wp-json\/wp\/v2\/posts\/3484","targetHints":{"allow":["GET"]}}],"collection":[{"href":"https:\/\/mcidrija.si\/en\/wp-json\/wp\/v2\/posts"}],"about":[{"href":"https:\/\/mcidrija.si\/en\/wp-json\/wp\/v2\/types\/post"}],"author":[{"embeddable":true,"href":"https:\/\/mcidrija.si\/en\/wp-json\/wp\/v2\/users\/252603206"}],"replies":[{"embeddable":true,"href":"https:\/\/mcidrija.si\/en\/wp-json\/wp\/v2\/comments?post=3484"}],"version-history":[{"count":8,"href":"https:\/\/mcidrija.si\/en\/wp-json\/wp\/v2\/posts\/3484\/revisions"}],"predecessor-version":[{"id":3529,"href":"https:\/\/mcidrija.si\/en\/wp-json\/wp\/v2\/posts\/3484\/revisions\/3529"}],"wp:featuredmedia":[{"embeddable":true,"href":"https:\/\/mcidrija.si\/en\/wp-json\/wp\/v2\/media\/3493"}],"wp:attachment":[{"href":"https:\/\/mcidrija.si\/en\/wp-json\/wp\/v2\/media?parent=3484"}],"wp:term":[{"taxonomy":"category","embeddable":true,"href":"https:\/\/mcidrija.si\/en\/wp-json\/wp\/v2\/categories?post=3484"},{"taxonomy":"post_tag","embeddable":true,"href":"https:\/\/mcidrija.si\/en\/wp-json\/wp\/v2\/tags?post=3484"}],"curies":[{"name":"wp","href":"https:\/\/api.w.org\/{rel}","templated":true}]}}