{"id":3730,"date":"2025-05-20T11:42:42","date_gmt":"2025-05-20T09:42:42","guid":{"rendered":"https:\/\/mcidrija.si\/?p=3730"},"modified":"2025-05-28T15:33:37","modified_gmt":"2025-05-28T13:33:37","slug":"mladinsko-delo-aktivni-za-prihodnost-pripravljalni-obisk-v-idriji","status":"publish","type":"post","link":"https:\/\/mcidrija.si\/en\/2025\/05\/20\/mladinsko-delo-aktivni-za-prihodnost-pripravljalni-obisk-v-idriji\/","title":{"rendered":"Youth work - active for the future: preparatory visit to Idrija"},"content":{"rendered":"<figure class=\"wp-block-image size-large\"><img data-recalc-dims=\"1\" fetchpriority=\"high\" decoding=\"async\" width=\"1024\" height=\"768\" data-attachment-id=\"3733\" data-permalink=\"https:\/\/mcidrija.si\/en\/2025\/05\/20\/mladinsko-delo-aktivni-za-prihodnost-pripravljalni-obisk-v-idriji\/2-7\/\" data-orig-file=\"https:\/\/i0.wp.com\/mcidrija.si\/wp-content\/uploads\/2025\/05\/2.png?fit=1200%2C900&amp;ssl=1\" data-orig-size=\"1200,900\" data-comments-opened=\"1\" data-image-meta=\"{&quot;aperture&quot;:&quot;0&quot;,&quot;credit&quot;:&quot;&quot;,&quot;camera&quot;:&quot;&quot;,&quot;caption&quot;:&quot;&quot;,&quot;created_timestamp&quot;:&quot;0&quot;,&quot;copyright&quot;:&quot;&quot;,&quot;focal_length&quot;:&quot;0&quot;,&quot;iso&quot;:&quot;0&quot;,&quot;shutter_speed&quot;:&quot;0&quot;,&quot;title&quot;:&quot;&quot;,&quot;orientation&quot;:&quot;0&quot;}\" data-image-title=\"2\" data-image-description=\"\" data-image-caption=\"\" data-large-file=\"https:\/\/i0.wp.com\/mcidrija.si\/wp-content\/uploads\/2025\/05\/2.png?fit=1024%2C768&amp;ssl=1\" src=\"https:\/\/i0.wp.com\/mcidrija.si\/wp-content\/uploads\/2025\/05\/2.png?resize=1024%2C768&#038;ssl=1\" alt=\"\" class=\"wp-image-3733\" srcset=\"https:\/\/i0.wp.com\/mcidrija.si\/wp-content\/uploads\/2025\/05\/2.png?resize=1024%2C768&amp;ssl=1 1024w, https:\/\/i0.wp.com\/mcidrija.si\/wp-content\/uploads\/2025\/05\/2.png?resize=300%2C225&amp;ssl=1 300w, https:\/\/i0.wp.com\/mcidrija.si\/wp-content\/uploads\/2025\/05\/2.png?resize=768%2C576&amp;ssl=1 768w, https:\/\/i0.wp.com\/mcidrija.si\/wp-content\/uploads\/2025\/05\/2.png?w=1200&amp;ssl=1 1200w\" sizes=\"(max-width: 1000px) 100vw, 1000px\" \/><\/figure>\n\n\n\n<div class=\"wp-block-qi-blocks-spacer qodef-block-container qodef-block-a9666041\"><div class=\"qi-block-spacer qodef-block qodef-m\"><\/div><\/div>\n\n\n\n<h3 class=\"wp-block-heading\">Mladinsko delo v praksi: Pripravljalni obisk kot prilo\u017enost za u\u010denje, povezovanje in opolnomo\u010denje mladih<\/h3>\n\n\n\n<p class=\"wp-block-paragraph\"><\/p>\n\n\n\n<div class=\"wp-block-qi-blocks-spacer qodef-block-container qodef-block-a9666041\"><div class=\"qi-block-spacer qodef-block qodef-m\"><\/div><\/div>\n\n\n\n<p class=\"wp-block-paragraph\">Med 9. in 11. majem je v Idriji potekal pripravljalni obisk (APV) za mednarodno mladinsko izmenjavo, ki jo bomo gostili konec junija. Mladinski delavci iz Slovenije, \u010ce\u0161ke, Italije in Francije smo se sre\u010dali z namenom, da skupaj ustvarimo program, ki bo mladim omogo\u010dil nepozabno izku\u0161njo. Ob tem smo si ogledali tudi lokaciji, kjer bo potekala izmenjava, in okrepili sodelovanje med samimi partnerskimi organizacijami.<\/p>\n\n\n\n<div class=\"wp-block-qi-blocks-spacer qodef-block-container qodef-block-a9666041\"><div class=\"qi-block-spacer qodef-block qodef-m\"><\/div><\/div>\n\n\n\n<p class=\"wp-block-paragraph\"><strong>Kaj mladinsko delo daje mladim?<\/strong><br>Mladi v procesu mladinskega dela pridobijo samozavest, komunikacijske ve\u0161\u010dine, kulturno razumevanje, ob\u010dutek pripadnosti in konkretne izku\u0161nje, ki jih opremijo za samostojno \u017eivljenje. Ena tak\u0161nih izku\u0161enj je prav vklju\u010ditev v mednarodne projekte. Kako mo\u010dan u\u010dinek ima to na posameznika, je lahko viden iz sporo\u010dila, ki nam ga je po pripravljalnem obisku poslal en izmed udele\u017eencev.<\/p>\n\n\n\n<div class=\"wp-block-qi-blocks-spacer qodef-block-container qodef-block-a9666041\"><div class=\"qi-block-spacer qodef-block qodef-m\"><\/div><\/div>\n\n\n\n<p class=\"wp-block-paragraph\"><\/p>\n\n\n\n<figure class=\"wp-block-pullquote\"><blockquote><p><em>&#8220;Prvi\u010d sem sam odpotoval nekam, kjer nisem poznal nikogar, in vi ste poskrbeli, da je bila ta prva izku\u0161nja neverjetna. Zelo se veselim izmenjave, ki nas \u0161e \u010daka. V franco\u0161\u010dini re\u010demo, kadar vemo, da se bomo \u0161e videli: <em>&#8216;Ce n\u2019est qu\u2019un au revoir.&#8217;<\/em><\/em> <em>(SLO: To ni slovo, le nasvidenje.) Hvala vsem!&#8221;<\/em> <\/p><cite><strong>Titouan, udele\u017eenec iz Francije<\/strong><\/cite><\/blockquote><\/figure>\n\n\n\n<p class=\"wp-block-paragraph\"><\/p>\n\n\n\n<div class=\"wp-block-qi-blocks-spacer qodef-block-container qodef-block-a9666041\"><div class=\"qi-block-spacer qodef-block qodef-m\"><\/div><\/div>\n\n\n\n<p class=\"wp-block-paragraph\"><strong>Zakaj je to pomembno?<\/strong><br>\u010ce mladinskega dela ne bi bilo, bi mladi izgubili prilo\u017enost za u\u010denje iz prakse, iz medsebojnih odnosov in medkulturnega okolja. Mladi ne bi imeli prostora, kjer se lahko izra\u017eajo, soustvarjajo in krepijo svoje potenciale. Mladinsko delo jim odpira vrata \u2013 doma in v svetu.<\/p>\n\n\n\n<div class=\"wp-block-qi-blocks-spacer qodef-block-container qodef-block-a9666041\"><div class=\"qi-block-spacer qodef-block qodef-m\"><\/div><\/div>\n\n\n\n<h5 class=\"wp-block-heading\">Podpora mladinskemu delu je podpora mladim \u2013 in prihodnosti.<\/h5>\n\n\n\n<div class=\"wp-block-qi-blocks-spacer qodef-block-container qodef-block-a9666041\"><div class=\"qi-block-spacer qodef-block qodef-m\"><\/div><\/div>\n\n\n\n<figure class=\"wp-block-image size-large is-resized\"><img data-recalc-dims=\"1\" decoding=\"async\" width=\"1024\" height=\"270\" data-attachment-id=\"3735\" data-permalink=\"https:\/\/mcidrija.si\/en\/2025\/05\/20\/mladinsko-delo-aktivni-za-prihodnost-pripravljalni-obisk-v-idriji\/image-9\/\" data-orig-file=\"https:\/\/i0.wp.com\/mcidrija.si\/wp-content\/uploads\/2025\/05\/image.webp?fit=1536%2C405&amp;ssl=1\" data-orig-size=\"1536,405\" data-comments-opened=\"1\" data-image-meta=\"{&quot;aperture&quot;:&quot;0&quot;,&quot;credit&quot;:&quot;&quot;,&quot;camera&quot;:&quot;&quot;,&quot;caption&quot;:&quot;&quot;,&quot;created_timestamp&quot;:&quot;0&quot;,&quot;copyright&quot;:&quot;&quot;,&quot;focal_length&quot;:&quot;0&quot;,&quot;iso&quot;:&quot;0&quot;,&quot;shutter_speed&quot;:&quot;0&quot;,&quot;title&quot;:&quot;&quot;,&quot;orientation&quot;:&quot;0&quot;}\" data-image-title=\"image\" data-image-description=\"\" data-image-caption=\"\" data-large-file=\"https:\/\/i0.wp.com\/mcidrija.si\/wp-content\/uploads\/2025\/05\/image.webp?fit=1024%2C270&amp;ssl=1\" src=\"https:\/\/i0.wp.com\/mcidrija.si\/wp-content\/uploads\/2025\/05\/image.webp?resize=1024%2C270&#038;ssl=1\" alt=\"\" class=\"wp-image-3735\" style=\"aspect-ratio:3.792817352139386;width:227px;height:auto\" srcset=\"https:\/\/i0.wp.com\/mcidrija.si\/wp-content\/uploads\/2025\/05\/image.webp?resize=1024%2C270&amp;ssl=1 1024w, https:\/\/i0.wp.com\/mcidrija.si\/wp-content\/uploads\/2025\/05\/image.webp?resize=300%2C79&amp;ssl=1 300w, https:\/\/i0.wp.com\/mcidrija.si\/wp-content\/uploads\/2025\/05\/image.webp?resize=768%2C203&amp;ssl=1 768w, https:\/\/i0.wp.com\/mcidrija.si\/wp-content\/uploads\/2025\/05\/image.webp?resize=1200%2C316&amp;ssl=1 1200w, https:\/\/i0.wp.com\/mcidrija.si\/wp-content\/uploads\/2025\/05\/image.webp?w=1536&amp;ssl=1 1536w\" sizes=\"(max-width: 1000px) 100vw, 1000px\" \/><\/figure>\n\n\n\n<p class=\"has-x-small-font-size wp-block-paragraph\">Funded by the European Union. Views and opinions expressed are however those of the author(s) only and do not necessarily reflect those of the European Union or the National agency. Neither the European Union nor the granting authority can be held responsible for them.<\/p>\n\n\n\n<p class=\"wp-block-paragraph\"><\/p>","protected":false},"excerpt":{"rendered":"<p>Mladinsko delo v praksi: Pripravljalni obisk kot prilo\u017enost za u\u010denje, povezovanje in opolnomo\u010denje mladih Med 9. in 11. majem je v Idriji potekal pripravljalni obisk (APV) za mednarodno mladinsko izmenjavo, ki jo bomo gostili konec junija. Mladinski delavci iz Slovenije, \u010ce\u0161ke, Italije in Francije smo se sre\u010dali z namenom, da skupaj ustvarimo program, ki bo [&hellip;]<\/p>\n","protected":false},"author":252603206,"featured_media":3733,"comment_status":"open","ping_status":"open","sticky":false,"template":"","format":"standard","meta":{"advanced_seo_description":"","jetpack_seo_html_title":"","jetpack_seo_noindex":false,"jetpack_seo_schema_type":"","_jetpack_newsletter_access":"","_jetpack_dont_email_post_to_subs":true,"_jetpack_newsletter_tier_id":0,"_jetpack_memberships_contains_paywalled_content":false,"_wpcom_ai_launchpad_first_post":false,"_jetpack_feature_clip_id":0,"_jetpack_memberships_contains_paid_content":false,"footnotes":"","jetpack_publicize_message":"","jetpack_publicize_feature_enabled":true,"jetpack_social_post_already_shared":true,"jetpack_social_options":{"image_generator_settings":{"template":"highway","enabled":false},"version":2},"_wpas_customize_per_network":false,"jetpack_post_was_ever_published":false},"categories":[1367],"tags":[1564,1568,1424,1565],"class_list":["post-3730","post","type-post","status-publish","format-standard","has-post-thumbnail","hentry","category-novice","tag-apv","tag-ctrlalt","tag-mladi","tag-mladinsko-delo"],"jetpack_publicize_connections":[],"jetpack_likes_enabled":true,"jetpack_sharing_enabled":true,"jetpack_shortlink":"https:\/\/wp.me\/pfSlLi-Ya","jetpack-related-posts":[],"jetpack_featured_media_url":"https:\/\/i0.wp.com\/mcidrija.si\/wp-content\/uploads\/2025\/05\/2.png?fit=1200%2C900&ssl=1","_links":{"self":[{"href":"https:\/\/mcidrija.si\/en\/wp-json\/wp\/v2\/posts\/3730","targetHints":{"allow":["GET"]}}],"collection":[{"href":"https:\/\/mcidrija.si\/en\/wp-json\/wp\/v2\/posts"}],"about":[{"href":"https:\/\/mcidrija.si\/en\/wp-json\/wp\/v2\/types\/post"}],"author":[{"embeddable":true,"href":"https:\/\/mcidrija.si\/en\/wp-json\/wp\/v2\/users\/252603206"}],"replies":[{"embeddable":true,"href":"https:\/\/mcidrija.si\/en\/wp-json\/wp\/v2\/comments?post=3730"}],"version-history":[{"count":6,"href":"https:\/\/mcidrija.si\/en\/wp-json\/wp\/v2\/posts\/3730\/revisions"}],"predecessor-version":[{"id":3738,"href":"https:\/\/mcidrija.si\/en\/wp-json\/wp\/v2\/posts\/3730\/revisions\/3738"}],"wp:featuredmedia":[{"embeddable":true,"href":"https:\/\/mcidrija.si\/en\/wp-json\/wp\/v2\/media\/3733"}],"wp:attachment":[{"href":"https:\/\/mcidrija.si\/en\/wp-json\/wp\/v2\/media?parent=3730"}],"wp:term":[{"taxonomy":"category","embeddable":true,"href":"https:\/\/mcidrija.si\/en\/wp-json\/wp\/v2\/categories?post=3730"},{"taxonomy":"post_tag","embeddable":true,"href":"https:\/\/mcidrija.si\/en\/wp-json\/wp\/v2\/tags?post=3730"}],"curies":[{"name":"wp","href":"https:\/\/api.w.org\/{rel}","templated":true}]}}