{"id":5446,"date":"2025-10-01T09:58:51","date_gmt":"2025-10-01T07:58:51","guid":{"rendered":"https:\/\/mcidrija.si\/?p=5446"},"modified":"2025-10-01T09:58:53","modified_gmt":"2025-10-01T07:58:53","slug":"mc-idrija-v-jesen-vstopa-z-osvezenim-programom-za-mlade-vseh-starosti","status":"publish","type":"post","link":"https:\/\/mcidrija.si\/en\/2025\/10\/01\/mc-idrija-v-jesen-vstopa-z-osvezenim-programom-za-mlade-vseh-starosti\/","title":{"rendered":"MC IDRIJA V JESEN VSTOPA Z OSVE\u017dENIM PROGRAMOM ZA MLADE VSEH STAROSTI"},"content":{"rendered":"<p class=\"wp-block-paragraph\">Avtor: MC Idrija<\/p>\n\n\n\n<div class=\"wp-block-qi-blocks-spacer qodef-block-container qodef-block-197afdd5\"><div class=\"qi-block-spacer qodef-block qodef-m\"><\/div><\/div>\n\n\n\n<p class=\"wp-block-paragraph\"><em>V Mladinskem centru Idrija z oktobrom pri\u010denjamo z bogatim in rednej\u0161im programom za aktivno pre\u017eivljanje prostega \u010dasa dijakov in \u0161tudentov, ter tudi mladih do 15. let.<\/em><\/p>\n\n\n\n<div class=\"wp-block-qi-blocks-spacer qodef-block-container qodef-block-246b8968\"><div class=\"qi-block-spacer qodef-block qodef-m\"><\/div><\/div>\n\n\n\n<p class=\"wp-block-paragraph\"><strong>ZIMSKI MC MOBIL ZA MLADE DO 15. LETA<\/strong><\/p>\n\n\n\n<div class=\"wp-block-qi-blocks-spacer qodef-block-container qodef-block-28906a1d\"><div class=\"qi-block-spacer qodef-block qodef-m\"><\/div><\/div>\n\n\n\n<p class=\"wp-block-paragraph\">Ekipa MC mobila bo nadaljevala dru\u017eenja z mladimi do 15. leta starosti v zimski podobi, imenovani Zimski MC Mobil. Dru\u017eenja se bodo odvijala <strong>vsak \u010detrtek, med 16.00 in 20.00, v prostorih Mestne dnevne sobe Pr&#8217; Golitu. <\/strong>Mlade bodo pri\u010dakali dijaki in \u0161tudentje usposobljeni za uli\u010dno mladinsko delo, pod vodstvom strokovno usposobljenega mladinskega delavca MC Idrije, ki bodo z njimi ustvarjali, igrali dru\u017eabne igre, poskrbeli za gibanje, dobro debato, pomagali s kak\u0161no doma\u010do nalogo ali kuhali. V\u010dasih se jim bodo pridru\u017eili tudi mednarodni prostovoljci, s katerimi se bodo lahko pogovarjali v angle\u0161\u010dini in izvedeli ve\u010d o razli\u010dnih mednarodnih prilo\u017enostih, kot tudi druge organizacije, ki bodo izvajale razli\u010dne delavnice. Aktualen program Zimskega MC mobil najdete na na\u0161i spletni strani <a href=\"https:\/\/mcidrija.si\/en\/zimski-mc-mobil\/\">https:\/\/mcidrija.si\/zimski-mc-mobil\/<\/a> ali pa spremljajte na\u0161a dru\u017ebena omre\u017eja. Glavni namen Zimskega MC mobila je mladim v Idriji ponuditi topel, varen in brezpla\u010den prostor za prosto dru\u017eenje.<\/p>\n\n\n\n<div class=\"wp-block-qi-blocks-spacer qodef-block-container qodef-block-eb4ff25e\"><div class=\"qi-block-spacer qodef-block qodef-m\"><\/div><\/div>\n\n\n\n<figure class=\"wp-block-image size-large\"><img data-recalc-dims=\"1\" fetchpriority=\"high\" decoding=\"async\" width=\"1024\" height=\"576\" data-attachment-id=\"5449\" data-permalink=\"https:\/\/mcidrija.si\/en\/2025\/10\/01\/mc-idrija-v-jesen-vstopa-z-osvezenim-programom-za-mlade-vseh-starosti\/zimski-mc-mobil-1920-x-1080-px-1\/\" data-orig-file=\"https:\/\/i0.wp.com\/mcidrija.si\/wp-content\/uploads\/2025\/10\/zimski-mc-mobil-1920-x-1080-px-1.png?fit=1920%2C1080&amp;ssl=1\" data-orig-size=\"1920,1080\" data-comments-opened=\"1\" data-image-meta=\"{&quot;aperture&quot;:&quot;0&quot;,&quot;credit&quot;:&quot;&quot;,&quot;camera&quot;:&quot;&quot;,&quot;caption&quot;:&quot;&quot;,&quot;created_timestamp&quot;:&quot;0&quot;,&quot;copyright&quot;:&quot;&quot;,&quot;focal_length&quot;:&quot;0&quot;,&quot;iso&quot;:&quot;0&quot;,&quot;shutter_speed&quot;:&quot;0&quot;,&quot;title&quot;:&quot;&quot;,&quot;orientation&quot;:&quot;0&quot;}\" data-image-title=\"zimski mc mobil (1920 x 1080 px) (1)\" data-image-description=\"\" data-image-caption=\"\" data-large-file=\"https:\/\/i0.wp.com\/mcidrija.si\/wp-content\/uploads\/2025\/10\/zimski-mc-mobil-1920-x-1080-px-1.png?fit=1024%2C576&amp;ssl=1\" src=\"https:\/\/i0.wp.com\/mcidrija.si\/wp-content\/uploads\/2025\/10\/zimski-mc-mobil-1920-x-1080-px-1.png?resize=1024%2C576&#038;ssl=1\" alt=\"\" class=\"wp-image-5449\" srcset=\"https:\/\/i0.wp.com\/mcidrija.si\/wp-content\/uploads\/2025\/10\/zimski-mc-mobil-1920-x-1080-px-1.png?resize=1024%2C576&amp;ssl=1 1024w, https:\/\/i0.wp.com\/mcidrija.si\/wp-content\/uploads\/2025\/10\/zimski-mc-mobil-1920-x-1080-px-1.png?resize=300%2C169&amp;ssl=1 300w, https:\/\/i0.wp.com\/mcidrija.si\/wp-content\/uploads\/2025\/10\/zimski-mc-mobil-1920-x-1080-px-1.png?resize=768%2C432&amp;ssl=1 768w, https:\/\/i0.wp.com\/mcidrija.si\/wp-content\/uploads\/2025\/10\/zimski-mc-mobil-1920-x-1080-px-1.png?resize=1536%2C864&amp;ssl=1 1536w, https:\/\/i0.wp.com\/mcidrija.si\/wp-content\/uploads\/2025\/10\/zimski-mc-mobil-1920-x-1080-px-1.png?resize=18%2C10&amp;ssl=1 18w, https:\/\/i0.wp.com\/mcidrija.si\/wp-content\/uploads\/2025\/10\/zimski-mc-mobil-1920-x-1080-px-1.png?resize=1200%2C675&amp;ssl=1 1200w, https:\/\/i0.wp.com\/mcidrija.si\/wp-content\/uploads\/2025\/10\/zimski-mc-mobil-1920-x-1080-px-1.png?w=1920&amp;ssl=1 1920w\" sizes=\"(max-width: 1000px) 100vw, 1000px\" \/><\/figure>\n\n\n\n<div class=\"wp-block-qi-blocks-spacer qodef-block-container qodef-block-a96c8217\"><div class=\"qi-block-spacer qodef-block qodef-m\"><\/div><\/div>\n\n\n\n<p class=\"wp-block-paragraph\"><strong>ZA DIJAKE IN \u0160TUDENTE, VRATA MC IDRIJA, ODPIRAMO OB SOBOTAH!<\/strong><\/p>\n\n\n\n<div class=\"wp-block-qi-blocks-spacer qodef-block-container qodef-block-906060f2\"><div class=\"qi-block-spacer qodef-block qodef-m\"><\/div><\/div>\n\n\n\n<p class=\"wp-block-paragraph\">Mladim bodo vrata MC Idrija odprta <strong>vsako drugo soboto v mesecu, med 16. in 19. uro<\/strong>, s \u010dimer jim \u017eelimo ponuditi prostor za spro\u0161\u010deno dru\u017eenje v mrzlih mesecih. Adprt MCI pa bo nudil tudi druge prilo\u017enosti mladim, na voljo jim bo vsa oprema MC Idrija, s katero lahko organizirajo filmske ve\u010dere, igrajo dru\u017eabne igre, namizni nogomet in tenis, organizirajo koncerte, izlete, izvejo o aktualnih prilo\u017enostih za odhod v tujino ali pa se le spro\u0161\u010deno dru\u017eijo s svojimi prijatelji. Aktivnosti so v celoti v domeni mladih, ki se jih bodo udele\u017eevali, kot tudi pogostost odprtja, za za\u010detek pa vrata MC Idrija odpiramo, <strong>11. 10. (in nato vsako 2. soboto v mesecu) med 16. in 19. uro.<\/strong><\/p>\n\n\n\n<div class=\"wp-block-qi-blocks-spacer qodef-block-container qodef-block-6232c9d2\"><div class=\"qi-block-spacer qodef-block qodef-m\"><\/div><\/div>\n\n\n\n<p class=\"wp-block-paragraph\">Zimski MC mobil in iniciativa Adprt MCI, mladim vseh starosti, ponujata prijetno in zanimivo alternativo barom in uli\u010dnim koti\u010dkom, kot prostora, kjer se mladi lahko spro\u0161\u010deno dru\u017eijo in soustvarjajo dogajanje v Idriji.<\/p>\n\n\n\n<div class=\"wp-block-qi-blocks-spacer qodef-block-container qodef-block-76f0a11b\"><div class=\"qi-block-spacer qodef-block qodef-m\"><\/div><\/div>\n\n\n\n<figure class=\"wp-block-image size-large\"><img data-recalc-dims=\"1\" decoding=\"async\" width=\"1024\" height=\"576\" data-attachment-id=\"5451\" data-permalink=\"https:\/\/mcidrija.si\/en\/2025\/10\/01\/mc-idrija-v-jesen-vstopa-z-osvezenim-programom-za-mlade-vseh-starosti\/adprt-mci-a4-in-facebook-event-cover-2\/\" data-orig-file=\"https:\/\/i0.wp.com\/mcidrija.si\/wp-content\/uploads\/2025\/10\/Adprt-MCI-A4-IN-FACEBOOK-EVENT-COVER-2.png?fit=1920%2C1080&amp;ssl=1\" data-orig-size=\"1920,1080\" data-comments-opened=\"1\" data-image-meta=\"{&quot;aperture&quot;:&quot;0&quot;,&quot;credit&quot;:&quot;&quot;,&quot;camera&quot;:&quot;&quot;,&quot;caption&quot;:&quot;&quot;,&quot;created_timestamp&quot;:&quot;0&quot;,&quot;copyright&quot;:&quot;&quot;,&quot;focal_length&quot;:&quot;0&quot;,&quot;iso&quot;:&quot;0&quot;,&quot;shutter_speed&quot;:&quot;0&quot;,&quot;title&quot;:&quot;&quot;,&quot;orientation&quot;:&quot;0&quot;}\" data-image-title=\"Adprt MCI A4 IN FACEBOOK EVENT COVER (2)\" data-image-description=\"\" data-image-caption=\"\" data-large-file=\"https:\/\/i0.wp.com\/mcidrija.si\/wp-content\/uploads\/2025\/10\/Adprt-MCI-A4-IN-FACEBOOK-EVENT-COVER-2.png?fit=1024%2C576&amp;ssl=1\" src=\"https:\/\/i0.wp.com\/mcidrija.si\/wp-content\/uploads\/2025\/10\/Adprt-MCI-A4-IN-FACEBOOK-EVENT-COVER-2.png?resize=1024%2C576&#038;ssl=1\" alt=\"\" class=\"wp-image-5451\" srcset=\"https:\/\/i0.wp.com\/mcidrija.si\/wp-content\/uploads\/2025\/10\/Adprt-MCI-A4-IN-FACEBOOK-EVENT-COVER-2.png?resize=1024%2C576&amp;ssl=1 1024w, https:\/\/i0.wp.com\/mcidrija.si\/wp-content\/uploads\/2025\/10\/Adprt-MCI-A4-IN-FACEBOOK-EVENT-COVER-2.png?resize=300%2C169&amp;ssl=1 300w, https:\/\/i0.wp.com\/mcidrija.si\/wp-content\/uploads\/2025\/10\/Adprt-MCI-A4-IN-FACEBOOK-EVENT-COVER-2.png?resize=768%2C432&amp;ssl=1 768w, https:\/\/i0.wp.com\/mcidrija.si\/wp-content\/uploads\/2025\/10\/Adprt-MCI-A4-IN-FACEBOOK-EVENT-COVER-2.png?resize=1536%2C864&amp;ssl=1 1536w, https:\/\/i0.wp.com\/mcidrija.si\/wp-content\/uploads\/2025\/10\/Adprt-MCI-A4-IN-FACEBOOK-EVENT-COVER-2.png?resize=18%2C10&amp;ssl=1 18w, https:\/\/i0.wp.com\/mcidrija.si\/wp-content\/uploads\/2025\/10\/Adprt-MCI-A4-IN-FACEBOOK-EVENT-COVER-2.png?resize=1200%2C675&amp;ssl=1 1200w, https:\/\/i0.wp.com\/mcidrija.si\/wp-content\/uploads\/2025\/10\/Adprt-MCI-A4-IN-FACEBOOK-EVENT-COVER-2.png?w=1920&amp;ssl=1 1920w\" sizes=\"(max-width: 1000px) 100vw, 1000px\" \/><\/figure>","protected":false},"excerpt":{"rendered":"<p>Avtor: MC Idrija V Mladinskem centru Idrija z oktobrom pri\u010denjamo z bogatim in rednej\u0161im programom za aktivno pre\u017eivljanje prostega \u010dasa dijakov in \u0161tudentov, ter tudi mladih do 15. let. ZIMSKI MC MOBIL ZA MLADE DO 15. LETA Ekipa MC mobila bo nadaljevala dru\u017eenja z mladimi do 15. leta starosti v zimski podobi, imenovani Zimski MC [&hellip;]<\/p>\n","protected":false},"author":252603206,"featured_media":5452,"comment_status":"open","ping_status":"open","sticky":false,"template":"","format":"standard","meta":{"advanced_seo_description":"","jetpack_seo_html_title":"","jetpack_seo_noindex":false,"jetpack_seo_schema_type":"","_jetpack_newsletter_access":"","_jetpack_dont_email_post_to_subs":false,"_jetpack_newsletter_tier_id":0,"_jetpack_memberships_contains_paywalled_content":false,"_wpcom_ai_launchpad_first_post":false,"_jetpack_feature_clip_id":0,"_jetpack_memberships_contains_paid_content":false,"footnotes":"","jetpack_publicize_message":"{title}\n\n{excerpt}\n\n{url}","jetpack_publicize_feature_enabled":true,"jetpack_social_post_already_shared":true,"jetpack_social_options":{"image_generator_settings":{"template":"highway","default_image_id":0,"font":"","enabled":false},"version":2},"_wpas_customize_per_network":false,"jetpack_post_was_ever_published":false},"categories":[1367],"tags":[],"class_list":["post-5446","post","type-post","status-publish","format-standard","has-post-thumbnail","hentry","category-novice"],"jetpack_publicize_connections":[],"jetpack_likes_enabled":true,"jetpack_sharing_enabled":true,"jetpack_shortlink":"https:\/\/wp.me\/pfSlLi-1pQ","jetpack-related-posts":[],"jetpack_featured_media_url":"https:\/\/i0.wp.com\/mcidrija.si\/wp-content\/uploads\/2025\/10\/wordpress-prikazane-slike-1200X900.jpg?fit=1200%2C900&ssl=1","_links":{"self":[{"href":"https:\/\/mcidrija.si\/en\/wp-json\/wp\/v2\/posts\/5446","targetHints":{"allow":["GET"]}}],"collection":[{"href":"https:\/\/mcidrija.si\/en\/wp-json\/wp\/v2\/posts"}],"about":[{"href":"https:\/\/mcidrija.si\/en\/wp-json\/wp\/v2\/types\/post"}],"author":[{"embeddable":true,"href":"https:\/\/mcidrija.si\/en\/wp-json\/wp\/v2\/users\/252603206"}],"replies":[{"embeddable":true,"href":"https:\/\/mcidrija.si\/en\/wp-json\/wp\/v2\/comments?post=5446"}],"version-history":[{"count":5,"href":"https:\/\/mcidrija.si\/en\/wp-json\/wp\/v2\/posts\/5446\/revisions"}],"predecessor-version":[{"id":5454,"href":"https:\/\/mcidrija.si\/en\/wp-json\/wp\/v2\/posts\/5446\/revisions\/5454"}],"wp:featuredmedia":[{"embeddable":true,"href":"https:\/\/mcidrija.si\/en\/wp-json\/wp\/v2\/media\/5452"}],"wp:attachment":[{"href":"https:\/\/mcidrija.si\/en\/wp-json\/wp\/v2\/media?parent=5446"}],"wp:term":[{"taxonomy":"category","embeddable":true,"href":"https:\/\/mcidrija.si\/en\/wp-json\/wp\/v2\/categories?post=5446"},{"taxonomy":"post_tag","embeddable":true,"href":"https:\/\/mcidrija.si\/en\/wp-json\/wp\/v2\/tags?post=5446"}],"curies":[{"name":"wp","href":"https:\/\/api.w.org\/{rel}","templated":true}]}}