{"id":5675,"date":"2025-10-22T09:46:07","date_gmt":"2025-10-22T07:46:07","guid":{"rendered":"https:\/\/mcidrija.si\/?p=5675"},"modified":"2025-10-22T09:46:09","modified_gmt":"2025-10-22T07:46:09","slug":"mladinski-center-idrija-sodeluje-na-simpoziju-o-razvoju-digitalnega-mladinskega-dela","status":"publish","type":"post","link":"https:\/\/mcidrija.si\/en\/2025\/10\/22\/mladinski-center-idrija-sodeluje-na-simpoziju-o-razvoju-digitalnega-mladinskega-dela\/","title":{"rendered":"\u00a0Mladinski center Idrija sodeluje na simpoziju o razvoju digitalnega mladinskega delA"},"content":{"rendered":"<p class=\"wp-block-paragraph\"><em>Mladinski center Idrija sodeluje na simpoziju o razvoju digitalnega mladinskega dela v Evropskem mladinskem centru v Strasbourgu!<\/em><\/p>\n\n\n\n<figure class=\"wp-block-image size-large\"><img data-recalc-dims=\"1\" fetchpriority=\"high\" decoding=\"async\" width=\"819\" height=\"1024\" data-attachment-id=\"5679\" data-permalink=\"https:\/\/mcidrija.si\/en\/2025\/10\/22\/mladinski-center-idrija-sodeluje-na-simpoziju-o-razvoju-digitalnega-mladinskega-dela\/untitled-design-2\/\" data-orig-file=\"https:\/\/i0.wp.com\/mcidrija.si\/wp-content\/uploads\/2025\/10\/Untitled-design.jpg?fit=1080%2C1350&amp;ssl=1\" data-orig-size=\"1080,1350\" data-comments-opened=\"1\" data-image-meta=\"{&quot;aperture&quot;:&quot;0&quot;,&quot;credit&quot;:&quot;&quot;,&quot;camera&quot;:&quot;&quot;,&quot;caption&quot;:&quot;&quot;,&quot;created_timestamp&quot;:&quot;0&quot;,&quot;copyright&quot;:&quot;&quot;,&quot;focal_length&quot;:&quot;0&quot;,&quot;iso&quot;:&quot;0&quot;,&quot;shutter_speed&quot;:&quot;0&quot;,&quot;title&quot;:&quot;&quot;,&quot;orientation&quot;:&quot;1&quot;}\" data-image-title=\"Untitled design\" data-image-description=\"\" data-image-caption=\"\" data-large-file=\"https:\/\/i0.wp.com\/mcidrija.si\/wp-content\/uploads\/2025\/10\/Untitled-design.jpg?fit=819%2C1024&amp;ssl=1\" src=\"https:\/\/i0.wp.com\/mcidrija.si\/wp-content\/uploads\/2025\/10\/Untitled-design.jpg?resize=819%2C1024&#038;ssl=1\" alt=\"\" class=\"wp-image-5679\" srcset=\"https:\/\/i0.wp.com\/mcidrija.si\/wp-content\/uploads\/2025\/10\/Untitled-design.jpg?resize=819%2C1024&amp;ssl=1 819w, https:\/\/i0.wp.com\/mcidrija.si\/wp-content\/uploads\/2025\/10\/Untitled-design.jpg?resize=240%2C300&amp;ssl=1 240w, https:\/\/i0.wp.com\/mcidrija.si\/wp-content\/uploads\/2025\/10\/Untitled-design.jpg?resize=768%2C960&amp;ssl=1 768w, https:\/\/i0.wp.com\/mcidrija.si\/wp-content\/uploads\/2025\/10\/Untitled-design.jpg?resize=10%2C12&amp;ssl=1 10w, https:\/\/i0.wp.com\/mcidrija.si\/wp-content\/uploads\/2025\/10\/Untitled-design.jpg?w=1080&amp;ssl=1 1080w\" sizes=\"(max-width: 819px) 100vw, 819px\" \/><\/figure>\n\n\n\n<div class=\"wp-block-qi-blocks-spacer qodef-block-container qodef-block-86a6eb04\"><div class=\"qi-block-spacer qodef-block qodef-m\"><\/div><\/div>\n\n\n\n<p class=\"wp-block-paragraph\">Na pobudo organizacije Mladi Zmaji sta se na\u0161i mladinski delavki Zarja in Nives udele\u017eili mednarodnega simpozija \u201cAmplify, Don\u2019t Quantify\u201d, ki je zdru\u017eil 30 mladih, mladinskih delavcev_k in odlo\u010devalcev iz razli\u010dnih dr\u017eav z namenom ustvarjanja smernic o prihodnosti digitalnega mladinskega dela. <\/p>\n\n\n\n<div class=\"wp-block-qi-blocks-spacer qodef-block-container qodef-block-6606f2c9\"><div class=\"qi-block-spacer qodef-block qodef-m\"><\/div><\/div>\n\n\n\n<p class=\"wp-block-paragraph\">Prvi dan sta raziskovali koncepte, \u017ee obstoje\u010de dokumente, definicije in primere dobrih praks s podro\u010dja digitalnega mladinskega dela, ter razmi\u0161ljali, kako lahko digitalna orodja uporabimo na smiseln, eti\u010den in vklju\u010dujo\u010d na\u010din.<\/p>\n\n\n\n<div class=\"wp-block-qi-blocks-spacer qodef-block-container qodef-block-35cd598c\"><div class=\"qi-block-spacer qodef-block qodef-m\"><\/div><\/div>\n\n\n\n<p class=\"wp-block-paragraph\">Drugi dan so skupaj oblikovali priporo\u010dila za mladinske delavce_ke, mladinske organizacije, nacionalne organizacije in oblikovalce_ke politik, da bo digitalno mladinsko delo lahko prepoznano in se razvijalo tudi na ravni Evropske unije.<\/p>\n\n\n\n<div class=\"wp-block-qi-blocks-spacer qodef-block-container qodef-block-7d08e13e\"><div class=\"qi-block-spacer qodef-block qodef-m\"><\/div><\/div>\n\n\n\n<figure class=\"wp-block-image size-large\"><img data-recalc-dims=\"1\" decoding=\"async\" width=\"819\" height=\"1024\" data-attachment-id=\"5680\" data-permalink=\"https:\/\/mcidrija.si\/en\/2025\/10\/22\/mladinski-center-idrija-sodeluje-na-simpoziju-o-razvoju-digitalnega-mladinskega-dela\/untitled-design-1\/\" data-orig-file=\"https:\/\/i0.wp.com\/mcidrija.si\/wp-content\/uploads\/2025\/10\/Untitled-design-1.jpg?fit=1080%2C1350&amp;ssl=1\" data-orig-size=\"1080,1350\" data-comments-opened=\"1\" data-image-meta=\"{&quot;aperture&quot;:&quot;0&quot;,&quot;credit&quot;:&quot;&quot;,&quot;camera&quot;:&quot;&quot;,&quot;caption&quot;:&quot;&quot;,&quot;created_timestamp&quot;:&quot;0&quot;,&quot;copyright&quot;:&quot;&quot;,&quot;focal_length&quot;:&quot;0&quot;,&quot;iso&quot;:&quot;0&quot;,&quot;shutter_speed&quot;:&quot;0&quot;,&quot;title&quot;:&quot;&quot;,&quot;orientation&quot;:&quot;1&quot;}\" data-image-title=\"Untitled design (1)\" data-image-description=\"\" data-image-caption=\"\" data-large-file=\"https:\/\/i0.wp.com\/mcidrija.si\/wp-content\/uploads\/2025\/10\/Untitled-design-1.jpg?fit=819%2C1024&amp;ssl=1\" src=\"https:\/\/i0.wp.com\/mcidrija.si\/wp-content\/uploads\/2025\/10\/Untitled-design-1.jpg?resize=819%2C1024&#038;ssl=1\" alt=\"\" class=\"wp-image-5680\" srcset=\"https:\/\/i0.wp.com\/mcidrija.si\/wp-content\/uploads\/2025\/10\/Untitled-design-1.jpg?resize=819%2C1024&amp;ssl=1 819w, https:\/\/i0.wp.com\/mcidrija.si\/wp-content\/uploads\/2025\/10\/Untitled-design-1.jpg?resize=240%2C300&amp;ssl=1 240w, https:\/\/i0.wp.com\/mcidrija.si\/wp-content\/uploads\/2025\/10\/Untitled-design-1.jpg?resize=768%2C960&amp;ssl=1 768w, https:\/\/i0.wp.com\/mcidrija.si\/wp-content\/uploads\/2025\/10\/Untitled-design-1.jpg?resize=10%2C12&amp;ssl=1 10w, https:\/\/i0.wp.com\/mcidrija.si\/wp-content\/uploads\/2025\/10\/Untitled-design-1.jpg?w=1080&amp;ssl=1 1080w\" sizes=\"(max-width: 819px) 100vw, 819px\" \/><\/figure>\n\n\n\n<div class=\"wp-block-qi-blocks-spacer qodef-block-container qodef-block-11cec6b0\"><div class=\"qi-block-spacer qodef-block qodef-m\"><\/div><\/div>\n\n\n\n<p class=\"wp-block-paragraph\">Ob tem smo ustvarili tudi nove povezave z organizacijami in se navdihnili za prihodnje projekte sodelovanja.<\/p>\n\n\n\n<p class=\"wp-block-paragraph\">Hvala organizaciji Connect International\u00a0za povabilo in prilo\u017enost soustvarjanja prihodnosti digitalnega mladinskega dela!<\/p>","protected":false},"excerpt":{"rendered":"<p>Mladinski center Idrija sodeluje na simpoziju o razvoju digitalnega mladinskega dela v Evropskem mladinskem centru v Strasbourgu! Na pobudo organizacije Mladi Zmaji sta se na\u0161i mladinski delavki Zarja in Nives udele\u017eili mednarodnega simpozija \u201cAmplify, Don\u2019t Quantify\u201d, ki je zdru\u017eil 30 mladih, mladinskih delavcev_k in odlo\u010devalcev iz razli\u010dnih dr\u017eav z namenom ustvarjanja smernic o prihodnosti digitalnega [&hellip;]<\/p>\n","protected":false},"author":252603206,"featured_media":5683,"comment_status":"open","ping_status":"open","sticky":false,"template":"","format":"standard","meta":{"advanced_seo_description":"","jetpack_seo_html_title":"","jetpack_seo_noindex":false,"jetpack_seo_schema_type":"","_jetpack_newsletter_access":"","_jetpack_dont_email_post_to_subs":false,"_jetpack_newsletter_tier_id":0,"_jetpack_memberships_contains_paywalled_content":false,"_wpcom_ai_launchpad_first_post":false,"_jetpack_feature_clip_id":0,"_jetpack_memberships_contains_paid_content":false,"footnotes":"","jetpack_publicize_message":"{title}\n\n{excerpt}\n\n{url}","jetpack_publicize_feature_enabled":true,"jetpack_social_post_already_shared":true,"jetpack_social_options":{"image_generator_settings":{"template":"highway","default_image_id":0,"font":"","enabled":false},"version":2},"_wpas_customize_per_network":false,"jetpack_post_was_ever_published":false},"categories":[1367],"tags":[],"class_list":["post-5675","post","type-post","status-publish","format-standard","has-post-thumbnail","hentry","category-novice"],"jetpack_publicize_connections":[],"jetpack_likes_enabled":true,"jetpack_sharing_enabled":true,"jetpack_shortlink":"https:\/\/wp.me\/pfSlLi-1tx","jetpack-related-posts":[],"jetpack_featured_media_url":"https:\/\/i0.wp.com\/mcidrija.si\/wp-content\/uploads\/2025\/10\/wordpress-prikazane-slike-1200X900-3.jpg?fit=1200%2C900&ssl=1","_links":{"self":[{"href":"https:\/\/mcidrija.si\/en\/wp-json\/wp\/v2\/posts\/5675","targetHints":{"allow":["GET"]}}],"collection":[{"href":"https:\/\/mcidrija.si\/en\/wp-json\/wp\/v2\/posts"}],"about":[{"href":"https:\/\/mcidrija.si\/en\/wp-json\/wp\/v2\/types\/post"}],"author":[{"embeddable":true,"href":"https:\/\/mcidrija.si\/en\/wp-json\/wp\/v2\/users\/252603206"}],"replies":[{"embeddable":true,"href":"https:\/\/mcidrija.si\/en\/wp-json\/wp\/v2\/comments?post=5675"}],"version-history":[{"count":6,"href":"https:\/\/mcidrija.si\/en\/wp-json\/wp\/v2\/posts\/5675\/revisions"}],"predecessor-version":[{"id":5684,"href":"https:\/\/mcidrija.si\/en\/wp-json\/wp\/v2\/posts\/5675\/revisions\/5684"}],"wp:featuredmedia":[{"embeddable":true,"href":"https:\/\/mcidrija.si\/en\/wp-json\/wp\/v2\/media\/5683"}],"wp:attachment":[{"href":"https:\/\/mcidrija.si\/en\/wp-json\/wp\/v2\/media?parent=5675"}],"wp:term":[{"taxonomy":"category","embeddable":true,"href":"https:\/\/mcidrija.si\/en\/wp-json\/wp\/v2\/categories?post=5675"},{"taxonomy":"post_tag","embeddable":true,"href":"https:\/\/mcidrija.si\/en\/wp-json\/wp\/v2\/tags?post=5675"}],"curies":[{"name":"wp","href":"https:\/\/api.w.org\/{rel}","templated":true}]}}