{"id":6367,"date":"2025-12-19T08:54:50","date_gmt":"2025-12-19T07:54:50","guid":{"rendered":"https:\/\/mcidrija.si\/?p=6367"},"modified":"2025-12-19T09:03:41","modified_gmt":"2025-12-19T08:03:41","slug":"delo-od-doma-sanjska-fleksibilnost-ali-skrita-pravila","status":"publish","type":"post","link":"https:\/\/mcidrija.si\/en\/2025\/12\/19\/delo-od-doma-sanjska-fleksibilnost-ali-skrita-pravila\/","title":{"rendered":"Delo od doma: sanjska fleksibilnost ali skrita pravila?"},"content":{"rendered":"<p class=\"has-medium-font-size wp-block-paragraph\">Delo od doma (ali kjerkoli drugje z dobrim Wi-Fi-jem) se sli\u0161i sanjsko: brez jutranjih gne\u010d, v trenirki in s kavo v roki. A preden se usede\u0161 za prenosnik na kav\u010du ali v coworkingu (slo. <em>sodelovalnici<\/em>), je dobro vedeti, da delo od doma v Sloveniji <strong>ni \u201cneformalna ugodnost\u201d<\/strong>, ampak zakonsko urejena oblika dela.<\/p>\n\n\n\n<div class=\"wp-block-qi-blocks-spacer qodef-block-container qodef-block-1874472f\"><div class=\"qi-block-spacer qodef-block qodef-m\"><\/div><\/div>\n\n\n\n<p class=\"has-small-font-size wp-block-paragraph\"><em>\u010ce si mlad_a, na za\u010detku kariere ali prvi\u010d razmi\u0161lja\u0161 o takem na\u010dinu dela \u2013 beri naprej.<\/em><\/p>\n\n\n\n<div class=\"wp-block-qi-blocks-spacer qodef-block-container qodef-block-c5c3f9d3\"><div class=\"qi-block-spacer qodef-block qodef-m\"><\/div><\/div>\n\n\n\n<hr class=\"wp-block-separator has-alpha-channel-opacity is-style-wide\"\/>\n\n\n\n<h4 class=\"wp-block-heading\">Kaj sploh pomeni delo od doma?<\/h4>\n\n\n\n<p class=\"wp-block-paragraph\">Po slovenski zakonodaji delo od doma pomeni, da:<\/p>\n\n\n\n<div class=\"wp-block-qi-blocks-spacer qodef-block-container qodef-block-f0f2483b\"><div class=\"qi-block-spacer qodef-block qodef-m\"><\/div><\/div>\n\n\n\n<ul class=\"wp-block-list\">\n<li>dela\u0161 <strong>v svojem domu ali v prostorih po lastni izbiri<\/strong>,<\/li>\n\n\n\n<li>dela\u0161 <strong>izven prostorov delodajalca<\/strong> (to je lahko coworking, knji\u017enica ali drug primeren prostor).<\/li>\n<\/ul>\n\n\n\n<div class=\"wp-block-qi-blocks-spacer qodef-block-container qodef-block-f7666a99\"><div class=\"qi-block-spacer qodef-block qodef-m\"><\/div><\/div>\n\n\n\n<p class=\"wp-block-paragraph\">Pomembno: delo od doma <strong>ni isto kot ob\u010dasno delo od doma \u201cpo dogovoru\u201d<\/strong>, ampak mora biti <strong>formalno urejeno<\/strong>.<\/p>\n\n\n\n<div class=\"wp-block-qi-blocks-spacer qodef-block-container qodef-block-08dc46fd\"><div class=\"qi-block-spacer qodef-block qodef-m\"><\/div><\/div>\n\n\n\n<hr class=\"wp-block-separator has-alpha-channel-opacity is-style-wide\"\/>\n\n\n\n<h4 class=\"wp-block-heading\">Kako se delo od doma uradno uredi?<\/h4>\n\n\n\n<div class=\"wp-block-qi-blocks-spacer qodef-block-container qodef-block-d226c3d7\"><div class=\"qi-block-spacer qodef-block qodef-m\"><\/div><\/div>\n\n\n\n<div class=\"wp-block-columns is-layout-flex wp-container-core-columns-is-layout-28f84493 wp-block-columns-is-layout-flex\">\n<div class=\"wp-block-column is-layout-flow wp-block-column-is-layout-flow\" style=\"flex-basis:600px\">\n<h6 class=\"wp-block-heading\">1. Vse mora biti zapisano v pogodbi<\/h6>\n\n\n\n<p class=\"wp-block-paragraph\">Delo od doma mora biti dolo\u010deno:<\/p>\n\n\n\n<ul class=\"wp-block-list\">\n<li>v <strong>pogodbi o zaposlitvi<\/strong> ali<\/li>\n\n\n\n<li>v <strong>aneksu k pogodbi<\/strong>, \u010de si \u017ee zaposlen_a.<\/li>\n<\/ul>\n\n\n\n<div class=\"wp-block-qi-blocks-spacer qodef-block-container qodef-block-b1be71d7\"><div class=\"qi-block-spacer qodef-block qodef-m\"><\/div><\/div>\n\n\n\n<p class=\"wp-block-paragraph\">V pogodbi se mora jasno dolo\u010diti:<\/p>\n\n\n\n<ul class=\"wp-block-list\">\n<li><strong>kje dela\u0161<\/strong> (doma ali na lokaciji po lastni izbiri),<\/li>\n\n\n\n<li><strong>kdaj dela\u0161<\/strong> (delovni \u010das, odmori, po\u010ditek \u2013 lahko tudi druga\u010de kot v pisarni),<\/li>\n\n\n\n<li><strong>koliko \u010dasa dela\u0161 od doma<\/strong> (ves \u010das, nekaj dni na teden ali kombinirano),<\/li>\n\n\n\n<li><strong>nadomestilo za uporabo lastnih sredstev<\/strong> (elektrika, internet, oprema).<\/li>\n<\/ul>\n<\/div>\n\n\n\n<div class=\"wp-block-column is-layout-flow wp-block-column-is-layout-flow\">\n<div class=\"wp-block-qi-blocks-spacer qodef-block-container qodef-block-1a73fbea\"><div class=\"qi-block-spacer qodef-block qodef-m\"><\/div><\/div>\n\n\n\n<figure class=\"wp-block-image aligncenter size-large\"><img data-recalc-dims=\"1\" fetchpriority=\"high\" decoding=\"async\" width=\"1024\" height=\"683\" data-attachment-id=\"6376\" data-permalink=\"https:\/\/mcidrija.si\/en\/2025\/12\/19\/delo-od-doma-sanjska-fleksibilnost-ali-skrita-pravila\/dsc_6800-2\/\" data-orig-file=\"https:\/\/i0.wp.com\/mcidrija.si\/wp-content\/uploads\/2025\/12\/DSC_6800.jpg?fit=5661%2C3774&amp;ssl=1\" data-orig-size=\"5661,3774\" data-comments-opened=\"1\" data-image-meta=\"{&quot;aperture&quot;:&quot;5&quot;,&quot;credit&quot;:&quot;&quot;,&quot;camera&quot;:&quot;NIKON D7100&quot;,&quot;caption&quot;:&quot;&quot;,&quot;created_timestamp&quot;:&quot;1737376290&quot;,&quot;copyright&quot;:&quot;&quot;,&quot;focal_length&quot;:&quot;55&quot;,&quot;iso&quot;:&quot;400&quot;,&quot;shutter_speed&quot;:&quot;0.01&quot;,&quot;title&quot;:&quot;&quot;,&quot;orientation&quot;:&quot;0&quot;}\" data-image-title=\"DSC_6800\" data-image-description=\"\" data-image-caption=\"\" data-large-file=\"https:\/\/i0.wp.com\/mcidrija.si\/wp-content\/uploads\/2025\/12\/DSC_6800.jpg?fit=1024%2C683&amp;ssl=1\" src=\"https:\/\/i0.wp.com\/mcidrija.si\/wp-content\/uploads\/2025\/12\/DSC_6800.jpg?resize=1024%2C683&#038;ssl=1\" alt=\"\" class=\"wp-image-6376\" srcset=\"https:\/\/i0.wp.com\/mcidrija.si\/wp-content\/uploads\/2025\/12\/DSC_6800.jpg?resize=1024%2C683&amp;ssl=1 1024w, https:\/\/i0.wp.com\/mcidrija.si\/wp-content\/uploads\/2025\/12\/DSC_6800.jpg?resize=300%2C200&amp;ssl=1 300w, https:\/\/i0.wp.com\/mcidrija.si\/wp-content\/uploads\/2025\/12\/DSC_6800.jpg?resize=768%2C512&amp;ssl=1 768w, https:\/\/i0.wp.com\/mcidrija.si\/wp-content\/uploads\/2025\/12\/DSC_6800.jpg?resize=1536%2C1024&amp;ssl=1 1536w, https:\/\/i0.wp.com\/mcidrija.si\/wp-content\/uploads\/2025\/12\/DSC_6800.jpg?resize=2048%2C1365&amp;ssl=1 2048w, https:\/\/i0.wp.com\/mcidrija.si\/wp-content\/uploads\/2025\/12\/DSC_6800.jpg?resize=18%2C12&amp;ssl=1 18w, https:\/\/i0.wp.com\/mcidrija.si\/wp-content\/uploads\/2025\/12\/DSC_6800.jpg?resize=1200%2C800&amp;ssl=1 1200w, https:\/\/i0.wp.com\/mcidrija.si\/wp-content\/uploads\/2025\/12\/DSC_6800.jpg?w=3000&amp;ssl=1 3000w\" sizes=\"(max-width: 1000px) 100vw, 1000px\" \/><\/figure>\n<\/div>\n<\/div>\n\n\n\n<div class=\"wp-block-qi-blocks-spacer qodef-block-container qodef-block-a5b0aae9\"><div class=\"qi-block-spacer qodef-block qodef-m\"><\/div><\/div>\n\n\n\n<h6 class=\"wp-block-heading\">2. Delodajalec mora obvestiti in\u0161pektorat<\/h6>\n\n\n\n<p class=\"wp-block-paragraph\">Preden za\u010dne\u0161 delati od doma, mora delodajalec <strong>elektronsko obvestiti In\u0161pektorat RS za delo<\/strong>, preko dr\u017eavnega informacijskega sistema.<\/p>\n\n\n\n<p class=\"wp-block-paragraph\">To ni tvoja skrb, je pa dobro vedeti, da je to <strong>zakonska obveznost delodajalca<\/strong>.<\/p>\n\n\n\n<div class=\"wp-block-qi-blocks-spacer qodef-block-container qodef-block-2e43f9d8\"><div class=\"qi-block-spacer qodef-block qodef-m\"><\/div><\/div>\n\n\n\n<h6 class=\"wp-block-heading\">3. Delo od doma lahko tudi sam\/a predlaga\u0161<\/h6>\n\n\n\n<p class=\"wp-block-paragraph\">\u010ce \u017eeli\u0161 delati od doma zaradi:<\/p>\n\n\n\n<ul class=\"wp-block-list\">\n<li>la\u017ejega usklajevanja \u0161tudija, dela in zasebnega \u017eivljenja,<\/li>\n\n\n\n<li>dru\u017einskih ali osebnih okoli\u0161\u010din,<\/li>\n<\/ul>\n\n\n\n<p class=\"wp-block-paragraph\">lahko poda\u0161 <strong>pisno pro\u0161njo<\/strong>.<\/p>\n\n\n\n<div class=\"wp-block-qi-blocks-spacer qodef-block-container qodef-block-131cc33a\"><div class=\"qi-block-spacer qodef-block qodef-m\"><\/div><\/div>\n\n\n\n<p class=\"wp-block-paragraph\">Delodajalec mora <strong>pisno odgovoriti najkasneje v 15 dneh<\/strong>.<\/p>\n\n\n\n<div class=\"wp-block-qi-blocks-spacer qodef-block-container qodef-block-cc0becdb\"><div class=\"qi-block-spacer qodef-block qodef-m\"><\/div><\/div>\n\n\n\n<hr class=\"wp-block-separator has-alpha-channel-opacity\"\/>\n\n\n\n<h4 class=\"wp-block-heading\">Ima\u0161 pri delu od doma manj pravic? Ne.<\/h4>\n\n\n\n<div class=\"wp-block-qi-blocks-spacer qodef-block-container qodef-block-f200bf20\"><div class=\"qi-block-spacer qodef-block qodef-m\"><\/div><\/div>\n\n\n\n<p class=\"wp-block-paragraph\">\u010ce dela\u0161 od doma, ima\u0161:<\/p>\n\n\n\n<ul class=\"wp-block-list\">\n<li><strong>enake pravice kot sodelavci v pisarni<\/strong>,<\/li>\n\n\n\n<li>pravico do sodelovanja pri upravljanju,<\/li>\n\n\n\n<li>pravico do sindikalnega organiziranja,<\/li>\n\n\n\n<li>enak status zaposlenega.<\/li>\n<\/ul>\n\n\n\n<div class=\"wp-block-qi-blocks-spacer qodef-block-container qodef-block-d38b443e\"><div class=\"qi-block-spacer qodef-block qodef-m\"><\/div><\/div>\n\n\n\n<p class=\"wp-block-paragraph\">Lokacija dela ne vpliva na tvoje delavske pravice.<\/p>\n\n\n\n<div class=\"wp-block-qi-blocks-spacer qodef-block-container qodef-block-636835be\"><div class=\"qi-block-spacer qodef-block qodef-m\"><\/div><\/div>\n\n\n\n<hr class=\"wp-block-separator has-alpha-channel-opacity\"\/>\n\n\n\n<div class=\"wp-block-qi-blocks-spacer qodef-block-container qodef-block-756bdea0\"><div class=\"qi-block-spacer qodef-block qodef-m\"><\/div><\/div>\n\n\n\n<div class=\"wp-block-columns is-layout-flex wp-container-core-columns-is-layout-28f84493 wp-block-columns-is-layout-flex\">\n<div class=\"wp-block-column is-layout-flow wp-block-column-is-layout-flow\">\n<figure class=\"wp-block-image aligncenter size-large\"><img data-recalc-dims=\"1\" decoding=\"async\" width=\"1024\" height=\"768\" data-attachment-id=\"6396\" data-permalink=\"https:\/\/mcidrija.si\/en\/2025\/12\/19\/delo-od-doma-sanjska-fleksibilnost-ali-skrita-pravila\/whatsapp-image-2025-12-19-at-08-31-14\/\" data-orig-file=\"https:\/\/i0.wp.com\/mcidrija.si\/wp-content\/uploads\/2025\/12\/WhatsApp-Image-2025-12-19-at-08.31.14.jpeg?fit=1600%2C1200&amp;ssl=1\" data-orig-size=\"1600,1200\" data-comments-opened=\"1\" data-image-meta=\"{&quot;aperture&quot;:&quot;0&quot;,&quot;credit&quot;:&quot;&quot;,&quot;camera&quot;:&quot;&quot;,&quot;caption&quot;:&quot;&quot;,&quot;created_timestamp&quot;:&quot;0&quot;,&quot;copyright&quot;:&quot;&quot;,&quot;focal_length&quot;:&quot;0&quot;,&quot;iso&quot;:&quot;0&quot;,&quot;shutter_speed&quot;:&quot;0&quot;,&quot;title&quot;:&quot;&quot;,&quot;orientation&quot;:&quot;0&quot;}\" data-image-title=\"WhatsApp Image 2025-12-19 at 08.31.14\" data-image-description=\"\" data-image-caption=\"\" data-large-file=\"https:\/\/i0.wp.com\/mcidrija.si\/wp-content\/uploads\/2025\/12\/WhatsApp-Image-2025-12-19-at-08.31.14.jpeg?fit=1024%2C768&amp;ssl=1\" src=\"https:\/\/i0.wp.com\/mcidrija.si\/wp-content\/uploads\/2025\/12\/WhatsApp-Image-2025-12-19-at-08.31.14.jpeg?resize=1024%2C768&#038;ssl=1\" alt=\"\" class=\"wp-image-6396\" srcset=\"https:\/\/i0.wp.com\/mcidrija.si\/wp-content\/uploads\/2025\/12\/WhatsApp-Image-2025-12-19-at-08.31.14.jpeg?resize=1024%2C768&amp;ssl=1 1024w, https:\/\/i0.wp.com\/mcidrija.si\/wp-content\/uploads\/2025\/12\/WhatsApp-Image-2025-12-19-at-08.31.14.jpeg?resize=300%2C225&amp;ssl=1 300w, https:\/\/i0.wp.com\/mcidrija.si\/wp-content\/uploads\/2025\/12\/WhatsApp-Image-2025-12-19-at-08.31.14.jpeg?resize=768%2C576&amp;ssl=1 768w, https:\/\/i0.wp.com\/mcidrija.si\/wp-content\/uploads\/2025\/12\/WhatsApp-Image-2025-12-19-at-08.31.14.jpeg?resize=1536%2C1152&amp;ssl=1 1536w, https:\/\/i0.wp.com\/mcidrija.si\/wp-content\/uploads\/2025\/12\/WhatsApp-Image-2025-12-19-at-08.31.14.jpeg?resize=16%2C12&amp;ssl=1 16w, https:\/\/i0.wp.com\/mcidrija.si\/wp-content\/uploads\/2025\/12\/WhatsApp-Image-2025-12-19-at-08.31.14.jpeg?resize=1200%2C900&amp;ssl=1 1200w, https:\/\/i0.wp.com\/mcidrija.si\/wp-content\/uploads\/2025\/12\/WhatsApp-Image-2025-12-19-at-08.31.14.jpeg?resize=800%2C600&amp;ssl=1 800w, https:\/\/i0.wp.com\/mcidrija.si\/wp-content\/uploads\/2025\/12\/WhatsApp-Image-2025-12-19-at-08.31.14.jpeg?resize=600%2C450&amp;ssl=1 600w, https:\/\/i0.wp.com\/mcidrija.si\/wp-content\/uploads\/2025\/12\/WhatsApp-Image-2025-12-19-at-08.31.14.jpeg?resize=400%2C300&amp;ssl=1 400w, https:\/\/i0.wp.com\/mcidrija.si\/wp-content\/uploads\/2025\/12\/WhatsApp-Image-2025-12-19-at-08.31.14.jpeg?resize=200%2C150&amp;ssl=1 200w, https:\/\/i0.wp.com\/mcidrija.si\/wp-content\/uploads\/2025\/12\/WhatsApp-Image-2025-12-19-at-08.31.14.jpeg?w=1600&amp;ssl=1 1600w\" sizes=\"(max-width: 1000px) 100vw, 1000px\" \/><\/figure>\n<\/div>\n\n\n\n<div class=\"wp-block-column is-layout-flow wp-block-column-is-layout-flow\">\n<h4 class=\"wp-block-heading\">Kaj pa stro\u0161ki? \ud83d\udcb8<\/h4>\n\n\n\n<div class=\"wp-block-qi-blocks-spacer qodef-block-container qodef-block-2185bd48\"><div class=\"qi-block-spacer qodef-block qodef-m\"><\/div><\/div>\n\n\n\n<p class=\"wp-block-paragraph\">\u010ce pri delu uporablja\u0161:<\/p>\n\n\n\n<ul class=\"wp-block-list\">\n<li class=\"has-small-font-size\">svoj ra\u010dunalnik,<\/li>\n\n\n\n<li class=\"has-small-font-size\">svoj internet,<\/li>\n\n\n\n<li class=\"has-small-font-size\">svojo elektriko,<\/li>\n<\/ul>\n\n\n\n<div class=\"wp-block-qi-blocks-spacer qodef-block-container qodef-block-2185bd48\"><div class=\"qi-block-spacer qodef-block qodef-m\"><\/div><\/div>\n\n\n\n<p class=\"wp-block-paragraph\">o <strong>nadomestila za uporabo sredstev<\/strong>, ki se:<\/p>\n\n\n\n<ul class=\"wp-block-list\">\n<li>dolo\u010di v pogodbi o zaposlitvi,<\/li>\n\n\n\n<li>dogovori med tabo in delodajalcem.<\/li>\n<\/ul>\n\n\n\n<div class=\"wp-block-qi-blocks-spacer qodef-block-container qodef-block-0405137a\"><div class=\"qi-block-spacer qodef-block qodef-m\"><\/div><\/div>\n\n\n\n<p class=\"wp-block-paragraph\">Znesek ni zakonsko dolo\u010den, mora pa biti <strong>dogovorjen<\/strong>.<\/p>\n<\/div>\n<\/div>\n\n\n\n<div class=\"wp-block-qi-blocks-spacer qodef-block-container qodef-block-de1a801e\"><div class=\"qi-block-spacer qodef-block qodef-m\"><\/div><\/div>\n\n\n\n<hr class=\"wp-block-separator has-alpha-channel-opacity\"\/>\n\n\n\n<h4 class=\"wp-block-heading\">Varnost pri delu: ja, tudi doma (ali v coworkingu)<\/h4>\n\n\n\n<div class=\"wp-block-qi-blocks-spacer qodef-block-container qodef-block-9273757d\"><div class=\"qi-block-spacer qodef-block qodef-m\"><\/div><\/div>\n\n\n\n<div class=\"wp-block-columns is-layout-flex wp-container-core-columns-is-layout-28f84493 wp-block-columns-is-layout-flex\">\n<div class=\"wp-block-column is-layout-flow wp-block-column-is-layout-flow\">\n<div class=\"wp-block-qi-blocks-spacer qodef-block-container qodef-block-b14a37aa\"><div class=\"qi-block-spacer qodef-block qodef-m\"><\/div><\/div>\n\n\n\n<div class=\"wp-block-qi-blocks-spacer qodef-block-container qodef-block-1cd90386\"><div class=\"qi-block-spacer qodef-block qodef-m\"><\/div><\/div>\n\n\n\n<div class=\"wp-block-qi-blocks-spacer qodef-block-container qodef-block-3b1b9195\"><div class=\"qi-block-spacer qodef-block qodef-m\"><\/div><\/div>\n\n\n\n<figure class=\"wp-block-image size-large\"><img data-recalc-dims=\"1\" decoding=\"async\" width=\"1024\" height=\"576\" data-attachment-id=\"6382\" data-permalink=\"https:\/\/mcidrija.si\/en\/2025\/12\/19\/delo-od-doma-sanjska-fleksibilnost-ali-skrita-pravila\/dsc_6799-2\/\" data-orig-file=\"https:\/\/i0.wp.com\/mcidrija.si\/wp-content\/uploads\/2025\/12\/DSC_6799.jpg?fit=5524%2C3107&amp;ssl=1\" data-orig-size=\"5524,3107\" data-comments-opened=\"1\" data-image-meta=\"{&quot;aperture&quot;:&quot;5&quot;,&quot;credit&quot;:&quot;&quot;,&quot;camera&quot;:&quot;NIKON D7100&quot;,&quot;caption&quot;:&quot;&quot;,&quot;created_timestamp&quot;:&quot;1737376186&quot;,&quot;copyright&quot;:&quot;&quot;,&quot;focal_length&quot;:&quot;20&quot;,&quot;iso&quot;:&quot;400&quot;,&quot;shutter_speed&quot;:&quot;0.01&quot;,&quot;title&quot;:&quot;&quot;,&quot;orientation&quot;:&quot;0&quot;}\" data-image-title=\"DSC_6799\" data-image-description=\"\" data-image-caption=\"\" data-large-file=\"https:\/\/i0.wp.com\/mcidrija.si\/wp-content\/uploads\/2025\/12\/DSC_6799.jpg?fit=1024%2C576&amp;ssl=1\" src=\"https:\/\/i0.wp.com\/mcidrija.si\/wp-content\/uploads\/2025\/12\/DSC_6799.jpg?resize=1024%2C576&#038;ssl=1\" alt=\"\" class=\"wp-image-6382\" style=\"aspect-ratio:1.7779810220647079\" srcset=\"https:\/\/i0.wp.com\/mcidrija.si\/wp-content\/uploads\/2025\/12\/DSC_6799.jpg?resize=1024%2C576&amp;ssl=1 1024w, https:\/\/i0.wp.com\/mcidrija.si\/wp-content\/uploads\/2025\/12\/DSC_6799.jpg?resize=300%2C169&amp;ssl=1 300w, https:\/\/i0.wp.com\/mcidrija.si\/wp-content\/uploads\/2025\/12\/DSC_6799.jpg?resize=768%2C432&amp;ssl=1 768w, https:\/\/i0.wp.com\/mcidrija.si\/wp-content\/uploads\/2025\/12\/DSC_6799.jpg?resize=1536%2C864&amp;ssl=1 1536w, https:\/\/i0.wp.com\/mcidrija.si\/wp-content\/uploads\/2025\/12\/DSC_6799.jpg?resize=2048%2C1152&amp;ssl=1 2048w, https:\/\/i0.wp.com\/mcidrija.si\/wp-content\/uploads\/2025\/12\/DSC_6799.jpg?resize=18%2C10&amp;ssl=1 18w, https:\/\/i0.wp.com\/mcidrija.si\/wp-content\/uploads\/2025\/12\/DSC_6799.jpg?resize=1200%2C675&amp;ssl=1 1200w, https:\/\/i0.wp.com\/mcidrija.si\/wp-content\/uploads\/2025\/12\/DSC_6799.jpg?w=3000&amp;ssl=1 3000w\" sizes=\"(max-width: 1000px) 100vw, 1000px\" \/><figcaption class=\"wp-element-caption\"><em>Coworking oz. sodelovalnica v MCI-ju.<\/em><\/figcaption><\/figure>\n<\/div>\n\n\n\n<div class=\"wp-block-column is-layout-flow wp-block-column-is-layout-flow\">\n<p class=\"wp-block-paragraph\">Delodajalec je zakonsko dol\u017ean skrbeti za tvojo varnost in zdravje <strong>tudi pri delu od doma<\/strong>. To pomeni, da mora upo\u0161tevati:<\/p>\n\n\n\n<div class=\"wp-block-qi-blocks-spacer qodef-block-container qodef-block-3fb724c6\"><div class=\"qi-block-spacer qodef-block qodef-m\"><\/div><\/div>\n\n\n\n<ul class=\"wp-block-list\">\n<li>ustrezno osvetlitev,<\/li>\n\n\n\n<li>hrup in temperaturo,<\/li>\n\n\n\n<li>delovno opremo,<\/li>\n\n\n\n<li>stres in du\u0161evno po\u010dutje,<\/li>\n\n\n\n<li>dejstvo, da dela\u0161 sam_a,<\/li>\n\n\n\n<li>tveganja (padec, elektrika, nepravilna dr\u017ea \u2026).<\/li>\n<\/ul>\n\n\n\n<div class=\"wp-block-qi-blocks-spacer qodef-block-container qodef-block-a8db15e7\"><div class=\"qi-block-spacer qodef-block qodef-m\"><\/div><\/div>\n\n\n\n<p class=\"wp-block-paragraph\">Zakon <strong>ne dolo\u010da to\u010dno<\/strong>, kako mora delodajalec preveriti pogoje, zato lahko:<\/p>\n\n\n\n<ul class=\"wp-block-list\">\n<li>zahteva fotografije delovnega mesta,<\/li>\n\n\n\n<li>uporabi vpra\u0161alnike,<\/li>\n\n\n\n<li>izvede ogled (z dogovorom).<\/li>\n<\/ul>\n\n\n\n<div class=\"wp-block-qi-blocks-spacer qodef-block-container qodef-block-08cd5bf6\"><div class=\"qi-block-spacer qodef-block qodef-m\"><\/div><\/div>\n\n\n\n<p class=\"wp-block-paragraph\"><strong>Cilj je en sam: da je delo zate varno.<\/strong><\/p>\n<\/div>\n<\/div>\n\n\n\n<div class=\"wp-block-qi-blocks-spacer qodef-block-container qodef-block-5a6c0ede\"><div class=\"qi-block-spacer qodef-block qodef-m\"><\/div><\/div>\n\n\n\n<hr class=\"wp-block-separator has-alpha-channel-opacity\"\/>\n\n\n\n<div class=\"wp-block-columns is-layout-flex wp-container-core-columns-is-layout-28f84493 wp-block-columns-is-layout-flex\">\n<div class=\"wp-block-column is-layout-flow wp-block-column-is-layout-flow\">\n<h4 class=\"wp-block-heading\">Tvoja odgovornost kot delavec_ka<\/h4>\n\n\n\n<p class=\"wp-block-paragraph\">Tudi ti ima\u0161 dol\u017enosti:<\/p>\n\n\n\n<ul class=\"wp-block-list\">\n<li>upo\u0161tevati navodila delodajalca glede varnega dela,<\/li>\n\n\n\n<li>skrbeti za urejeno delovno okolje,<\/li>\n\n\n\n<li>opozoriti, \u010de pogoji niso ustrezni.<\/li>\n<\/ul>\n<\/div>\n\n\n\n<div class=\"wp-block-column is-layout-flow wp-block-column-is-layout-flow\">\n<h4 class=\"wp-block-heading\">Kaj se zgodi, \u010de se pravil ne upo\u0161teva?<\/h4>\n\n\n\n<p class=\"wp-block-paragraph\">Zakon predvideva tudi <strong>globe<\/strong>, na primer:<\/p>\n\n\n\n<ul class=\"wp-block-list\">\n<li>\u010de delodajalec ne obvesti in\u0161pektorata,<\/li>\n\n\n\n<li>\u010de ne zagotavlja varnih delovnih pogojev.<\/li>\n<\/ul>\n\n\n\n<p class=\"wp-block-paragraph\">Zato je v interesu obeh, da je delo od doma urejeno pravilno.<\/p>\n<\/div>\n<\/div>\n\n\n\n<div class=\"wp-block-qi-blocks-spacer qodef-block-container qodef-block-665ee00d\"><div class=\"qi-block-spacer qodef-block qodef-m\"><\/div><\/div>\n\n\n\n<hr class=\"wp-block-separator has-alpha-channel-opacity\"\/>\n\n\n\n<h4 class=\"wp-block-heading\">Delo od doma \u2260 delo sam_a doma<\/h4>\n\n\n\n<div class=\"wp-block-qi-blocks-spacer qodef-block-container qodef-block-318fe2e8\"><div class=\"qi-block-spacer qodef-block qodef-m\"><\/div><\/div>\n\n\n\n<div class=\"wp-block-columns is-layout-flex wp-container-core-columns-is-layout-28f84493 wp-block-columns-is-layout-flex\">\n<div class=\"wp-block-column is-layout-flow wp-block-column-is-layout-flow\">\n<p class=\"wp-block-paragraph\">\u010ceprav je delo od doma priro\u010dno, hitro postane:<\/p>\n\n\n\n<ul class=\"wp-block-list\">\n<li>osamljeno,<\/li>\n\n\n\n<li>neergonomsko,<\/li>\n\n\n\n<li>polno motenj.<\/li>\n<\/ul>\n\n\n\n<div class=\"wp-block-qi-blocks-spacer qodef-block-container qodef-block-5be2af6f\"><div class=\"qi-block-spacer qodef-block qodef-m\"><\/div><\/div>\n\n\n\n<p class=\"wp-block-paragraph\">Zato se vse ve\u010d mladih odlo\u010da za <strong>coworking<\/strong>:<br>\u2714 zakonita lokacija za delo<br>\u2714 profesionalno delovno okolje<br>\u2714 bolj\u0161a koncentracija<br>\u2714 stik z drugimi ljudmi<\/p>\n\n\n\n<div class=\"wp-block-qi-blocks-spacer qodef-block-container qodef-block-683fc237\"><div class=\"qi-block-spacer qodef-block qodef-m\"><\/div><\/div>\n\n\n\n<p class=\"wp-block-paragraph\">Ravno zato imamo zdaj <strong>\u010disto nov coworking<\/strong>, ki je <strong>dostopen vsem<\/strong> \u2013 ne glede na to, ali dela\u0161 od doma, \u0161tudira\u0161, freelance-a\u0161 ali si na za\u010detku svoje kariere. Je odli\u010dna alternativa doma\u010demu kav\u010du in hkrati popolnoma skladna z zakonodajo o delu od doma. Nastal je v sklopu projekta Z mladinskim delom proti prekarnosti mladih. <\/p>\n<\/div>\n\n\n\n<div class=\"wp-block-column is-layout-flow wp-block-column-is-layout-flow\">\n<div class=\"wp-block-qi-blocks-spacer qodef-block-container qodef-block-e000e962\"><div class=\"qi-block-spacer qodef-block qodef-m\"><\/div><\/div>\n\n\n\n<figure class=\"wp-block-image size-large\"><img data-recalc-dims=\"1\" loading=\"lazy\" decoding=\"async\" width=\"1024\" height=\"683\" data-attachment-id=\"6378\" data-permalink=\"https:\/\/mcidrija.si\/en\/2025\/12\/19\/delo-od-doma-sanjska-fleksibilnost-ali-skrita-pravila\/dsc_6794-2\/\" data-orig-file=\"https:\/\/i0.wp.com\/mcidrija.si\/wp-content\/uploads\/2025\/12\/DSC_6794.jpg?fit=5733%2C3822&amp;ssl=1\" data-orig-size=\"5733,3822\" data-comments-opened=\"1\" data-image-meta=\"{&quot;aperture&quot;:&quot;5&quot;,&quot;credit&quot;:&quot;&quot;,&quot;camera&quot;:&quot;NIKON D7100&quot;,&quot;caption&quot;:&quot;&quot;,&quot;created_timestamp&quot;:&quot;1737376128&quot;,&quot;copyright&quot;:&quot;&quot;,&quot;focal_length&quot;:&quot;19&quot;,&quot;iso&quot;:&quot;400&quot;,&quot;shutter_speed&quot;:&quot;0.01&quot;,&quot;title&quot;:&quot;&quot;,&quot;orientation&quot;:&quot;0&quot;}\" data-image-title=\"DSC_6794\" data-image-description=\"\" data-image-caption=\"\" data-large-file=\"https:\/\/i0.wp.com\/mcidrija.si\/wp-content\/uploads\/2025\/12\/DSC_6794.jpg?fit=1024%2C683&amp;ssl=1\" src=\"https:\/\/i0.wp.com\/mcidrija.si\/wp-content\/uploads\/2025\/12\/DSC_6794.jpg?resize=1024%2C683&#038;ssl=1\" alt=\"\" class=\"wp-image-6378\" srcset=\"https:\/\/i0.wp.com\/mcidrija.si\/wp-content\/uploads\/2025\/12\/DSC_6794.jpg?resize=1024%2C683&amp;ssl=1 1024w, https:\/\/i0.wp.com\/mcidrija.si\/wp-content\/uploads\/2025\/12\/DSC_6794.jpg?resize=300%2C200&amp;ssl=1 300w, https:\/\/i0.wp.com\/mcidrija.si\/wp-content\/uploads\/2025\/12\/DSC_6794.jpg?resize=768%2C512&amp;ssl=1 768w, https:\/\/i0.wp.com\/mcidrija.si\/wp-content\/uploads\/2025\/12\/DSC_6794.jpg?resize=1536%2C1024&amp;ssl=1 1536w, https:\/\/i0.wp.com\/mcidrija.si\/wp-content\/uploads\/2025\/12\/DSC_6794.jpg?resize=2048%2C1365&amp;ssl=1 2048w, https:\/\/i0.wp.com\/mcidrija.si\/wp-content\/uploads\/2025\/12\/DSC_6794.jpg?resize=18%2C12&amp;ssl=1 18w, https:\/\/i0.wp.com\/mcidrija.si\/wp-content\/uploads\/2025\/12\/DSC_6794.jpg?resize=1200%2C800&amp;ssl=1 1200w, https:\/\/i0.wp.com\/mcidrija.si\/wp-content\/uploads\/2025\/12\/DSC_6794.jpg?w=3000&amp;ssl=1 3000w\" sizes=\"(max-width: 1000px) 100vw, 1000px\" \/><figcaption class=\"wp-element-caption\"><em>Coworking oz. sodelovalnica v MCI-ju.<\/em><\/figcaption><\/figure>\n<\/div>\n<\/div>\n\n\n\n<p class=\"wp-block-paragraph\">Coworking je odprt od ponedeljka do petka, od 8. do 16. ure. Za brezpla\u010dno uporabo pa nam pi\u0161i na info@mcidrija.si. \ud83d\ude42<\/p>\n\n\n\n<div class=\"wp-block-qi-blocks-spacer qodef-block-container qodef-block-754b00dd\"><div class=\"qi-block-spacer qodef-block qodef-m\"><\/div><\/div>\n\n\n\n<hr class=\"wp-block-separator has-alpha-channel-opacity\"\/>\n\n\n\n<p class=\"has-medium-font-size wp-block-paragraph\"><strong>Delo od doma ni samo svoboda \u2013 je tudi odgovornost.<\/strong><br>Ko pozna\u0161 svoja prava, obveznosti in mo\u017enosti, lahko izbere\u0161 obliko dela, ki ti res ustreza. In v\u010dasih to pomeni: ne \u010disto doma, ampak v dobri dru\u017ebi in dobrem prostoru. \ud83d\ude09<\/p>\n\n\n\n<div class=\"wp-block-qi-blocks-spacer qodef-block-container qodef-block-4a86d065\"><div class=\"qi-block-spacer qodef-block qodef-m\"><\/div><\/div>\n\n\n\n<hr class=\"wp-block-separator has-alpha-channel-opacity\"\/>\n\n\n\n<div class=\"wp-block-qi-blocks-spacer qodef-block-container qodef-block-4a86d065\"><div class=\"qi-block-spacer qodef-block qodef-m\"><\/div><\/div>\n\n\n\n<blockquote class=\"wp-block-quote is-layout-flow wp-block-quote-is-layout-flow\">\n<p class=\"has-text-align-left wp-block-paragraph\">I<em>ma\u0161 konkretno vpra\u0161anje o svojih pravicah, delovno pravni zakonodaji ali karkoli povezanega z zaposlitvijo? Po\u0161lji nam ga na&nbsp;<\/em><strong>zarja.baselj@mcidrija.si<\/strong><em>, FB sporo\u010dilo ali IG sporo\u010dilo ali pa se vsako sredo med 14.00 in 16.00 uro oglasi v pisarni Mladinskega centra Idrija M-prekarCI, kjer ti nudimo brezpla\u010dno svetovanje, brezpla\u010dno pripravo CV-ja, pomo\u010d pri iskanju zaposlitve, pridobivanju kompetenc ali s kakr\u0161nikoli vpra\u0161anjem glede dela in zaposlitve.<\/em><\/p>\n<\/blockquote>\n\n\n\n<div class=\"wp-block-qi-blocks-spacer qodef-block-container qodef-block-4a86d065\"><div class=\"qi-block-spacer qodef-block qodef-m\"><\/div><\/div>\n\n\n\n<p class=\"has-text-align-center wp-block-paragraph\">Projekt je sofinanciran s strani Evropske unije <a href=\"https:\/\/evropskasredstva.si\/\">https:\/\/evropskasredstva.si\/<\/a><\/p>\n\n\n\n<figure class=\"wp-block-image aligncenter size-full is-resized\"><img data-recalc-dims=\"1\" loading=\"lazy\" decoding=\"async\" width=\"2659\" height=\"367\" data-attachment-id=\"3046\" data-permalink=\"https:\/\/mcidrija.si\/en\/2025\/02\/28\/pravica-do-odklopa-kaj-pomeni-in-zakaj-je-pomembna\/pasica-zarja\/\" data-orig-file=\"https:\/\/i0.wp.com\/mcidrija.si\/wp-content\/uploads\/2025\/02\/pasica-Zarja.png?fit=2659%2C367&amp;ssl=1\" data-orig-size=\"2659,367\" data-comments-opened=\"1\" data-image-meta=\"{&quot;aperture&quot;:&quot;0&quot;,&quot;credit&quot;:&quot;&quot;,&quot;camera&quot;:&quot;&quot;,&quot;caption&quot;:&quot;&quot;,&quot;created_timestamp&quot;:&quot;0&quot;,&quot;copyright&quot;:&quot;&quot;,&quot;focal_length&quot;:&quot;0&quot;,&quot;iso&quot;:&quot;0&quot;,&quot;shutter_speed&quot;:&quot;0&quot;,&quot;title&quot;:&quot;&quot;,&quot;orientation&quot;:&quot;0&quot;}\" data-image-title=\"pasica Zarja\" data-image-description=\"\" data-image-caption=\"\" data-large-file=\"https:\/\/i0.wp.com\/mcidrija.si\/wp-content\/uploads\/2025\/02\/pasica-Zarja.png?fit=1024%2C141&amp;ssl=1\" src=\"https:\/\/i0.wp.com\/mcidrija.si\/wp-content\/uploads\/2025\/02\/pasica-Zarja.png?resize=2659%2C367&#038;ssl=1\" alt=\"\" class=\"wp-image-3046\" style=\"aspect-ratio:7.245556436091928;width:622px;height:auto\" srcset=\"https:\/\/i0.wp.com\/mcidrija.si\/wp-content\/uploads\/2025\/02\/pasica-Zarja.png?w=2659&amp;ssl=1 2659w, https:\/\/i0.wp.com\/mcidrija.si\/wp-content\/uploads\/2025\/02\/pasica-Zarja.png?resize=300%2C41&amp;ssl=1 300w, https:\/\/i0.wp.com\/mcidrija.si\/wp-content\/uploads\/2025\/02\/pasica-Zarja.png?resize=1024%2C141&amp;ssl=1 1024w, https:\/\/i0.wp.com\/mcidrija.si\/wp-content\/uploads\/2025\/02\/pasica-Zarja.png?resize=768%2C106&amp;ssl=1 768w, https:\/\/i0.wp.com\/mcidrija.si\/wp-content\/uploads\/2025\/02\/pasica-Zarja.png?resize=1536%2C212&amp;ssl=1 1536w, https:\/\/i0.wp.com\/mcidrija.si\/wp-content\/uploads\/2025\/02\/pasica-Zarja.png?resize=2048%2C283&amp;ssl=1 2048w, https:\/\/i0.wp.com\/mcidrija.si\/wp-content\/uploads\/2025\/02\/pasica-Zarja.png?resize=1200%2C166&amp;ssl=1 1200w\" sizes=\"(max-width: 1000px) 100vw, 1000px\" \/><\/figure>","protected":false},"excerpt":{"rendered":"<p>Delo od doma (ali kjerkoli drugje z dobrim Wi-Fi-jem) se sli\u0161i sanjsko: brez jutranjih gne\u010d, v trenirki in s kavo v roki. A preden se usede\u0161 za prenosnik na kav\u010du ali v coworkingu (slo. sodelovalnici), je dobro vedeti, da delo od doma v Sloveniji ni \u201cneformalna ugodnost\u201d, ampak zakonsko urejena oblika dela. \u010ce si mlad_a, [&hellip;]<\/p>\n","protected":false},"author":252603206,"featured_media":6394,"comment_status":"open","ping_status":"open","sticky":false,"template":"","format":"standard","meta":{"advanced_seo_description":"","jetpack_seo_html_title":"","jetpack_seo_noindex":false,"jetpack_seo_schema_type":"","_jetpack_newsletter_access":"","_jetpack_dont_email_post_to_subs":false,"_jetpack_newsletter_tier_id":0,"_jetpack_memberships_contains_paywalled_content":false,"_wpcom_ai_launchpad_first_post":false,"_jetpack_feature_clip_id":0,"_jetpack_memberships_contains_paid_content":false,"footnotes":"","jetpack_publicize_message":"{title}\n\n{excerpt}\n\n{url}","jetpack_publicize_feature_enabled":true,"jetpack_social_post_already_shared":true,"jetpack_social_options":{"image_generator_settings":{"template":"highway","default_image_id":0,"font":"","enabled":false},"version":2},"_wpas_customize_per_network":false,"jetpack_post_was_ever_published":false},"categories":[1367],"tags":[1424,1432],"class_list":["post-6367","post","type-post","status-publish","format-standard","has-post-thumbnail","hentry","category-novice","tag-mladi","tag-prekarnost"],"jetpack_publicize_connections":[],"jetpack_likes_enabled":true,"jetpack_sharing_enabled":true,"jetpack_shortlink":"https:\/\/wp.me\/pfSlLi-1EH","jetpack-related-posts":[],"jetpack_featured_media_url":"https:\/\/i0.wp.com\/mcidrija.si\/wp-content\/uploads\/2025\/12\/wordpress-prikazane-slike-1200X900.png?fit=1200%2C900&ssl=1","_links":{"self":[{"href":"https:\/\/mcidrija.si\/en\/wp-json\/wp\/v2\/posts\/6367","targetHints":{"allow":["GET"]}}],"collection":[{"href":"https:\/\/mcidrija.si\/en\/wp-json\/wp\/v2\/posts"}],"about":[{"href":"https:\/\/mcidrija.si\/en\/wp-json\/wp\/v2\/types\/post"}],"author":[{"embeddable":true,"href":"https:\/\/mcidrija.si\/en\/wp-json\/wp\/v2\/users\/252603206"}],"replies":[{"embeddable":true,"href":"https:\/\/mcidrija.si\/en\/wp-json\/wp\/v2\/comments?post=6367"}],"version-history":[{"count":25,"href":"https:\/\/mcidrija.si\/en\/wp-json\/wp\/v2\/posts\/6367\/revisions"}],"predecessor-version":[{"id":6399,"href":"https:\/\/mcidrija.si\/en\/wp-json\/wp\/v2\/posts\/6367\/revisions\/6399"}],"wp:featuredmedia":[{"embeddable":true,"href":"https:\/\/mcidrija.si\/en\/wp-json\/wp\/v2\/media\/6394"}],"wp:attachment":[{"href":"https:\/\/mcidrija.si\/en\/wp-json\/wp\/v2\/media?parent=6367"}],"wp:term":[{"taxonomy":"category","embeddable":true,"href":"https:\/\/mcidrija.si\/en\/wp-json\/wp\/v2\/categories?post=6367"},{"taxonomy":"post_tag","embeddable":true,"href":"https:\/\/mcidrija.si\/en\/wp-json\/wp\/v2\/tags?post=6367"}],"curies":[{"name":"wp","href":"https:\/\/api.w.org\/{rel}","templated":true}]}}