{"id":7792,"date":"2026-04-03T09:10:50","date_gmt":"2026-04-03T07:10:50","guid":{"rendered":"https:\/\/mcidrija.si\/?p=7792"},"modified":"2026-04-03T09:10:52","modified_gmt":"2026-04-03T07:10:52","slug":"razpis-za-ambasadorje-in-ambasadorke-xii-cikla-mladinskega-dialoga","status":"publish","type":"post","link":"https:\/\/mcidrija.si\/en\/2026\/04\/03\/razpis-za-ambasadorje-in-ambasadorke-xii-cikla-mladinskega-dialoga\/","title":{"rendered":"Razpis za ambasadorje in ambasadorke XII. cikla mladinskega dialoga"},"content":{"rendered":"<p class=\"wp-block-paragraph\">Mladinski svet Slovenije vabi mlade med 18. in 28. letom, da se pridru\u017eijo \u010detrti generaciji ambasadorjev mladinskega dialoga. Mladinski dialog je klju\u010den evropski mehanizem, ki omogo\u010da skupno razmi\u0161ljanje in posvetovanje med mladimi in odlo\u010devalci o mladinskih politikah na lokalni, regionalni in evropski ravni.<\/p>\n\n\n\n<div class=\"wp-block-qi-blocks-spacer qodef-block-container qodef-block-049c26a4\"><div class=\"qi-block-spacer qodef-block qodef-m\"><\/div><\/div>\n\n\n\n<p class=\"wp-block-paragraph\"><strong>Postani ambasador_ka&nbsp;mladinskega dialoga, sodeluj v posvetovanjih mladih z odlo\u010devalci na vseh ravneh, prispevaj k prepoznavnosti tega evropskega mehanizma (zlasti na dru\u017ebenih omre\u017ejih), pomagaj sooblikovati mladinsko politiko, aktivno sodeluj v zagovorni\u0161kih kampanjah z odlo\u010devalci na lokalni, dr\u017eavni in mednarodni ravni in se udele\u017ei evropskih mladinskih konferenc!<\/strong><\/p>\n\n\n\n<div class=\"wp-block-qi-blocks-spacer qodef-block-container qodef-block-b3b63857\"><div class=\"qi-block-spacer qodef-block qodef-m\"><\/div><\/div>\n\n\n\n<p class=\"wp-block-paragraph\">Izbrana ekipa 6 ambasadorjev bo v 18-mese\u010dnem mandatu (od 1. 7. 2026 do 31. 12. 2027) delovala kot most med mladimi v Sloveniji in mladinskim dialogom kot evropskim mehanizmom. Od kandidatov pri\u010dakujemo pripravljenost na aktivno prostovoljsko delo, udele\u017ebo na uvodnem delovnem vikendu (22.\u201324. maj 2026) ter redno deljenje izku\u0161enj na dru\u017ebenih omre\u017ejih projekta.<\/p>\n\n\n\n<div class=\"wp-block-qi-blocks-spacer qodef-block-container qodef-block-5ce1ce8f\"><div class=\"qi-block-spacer qodef-block qodef-m\"><\/div><\/div>\n\n\n\n<p class=\"wp-block-paragraph\"><strong>Klju\u010dne informacije o prijavi:<\/strong><\/p>\n\n\n\n<ul class=\"wp-block-list\">\n<li><strong>Rok za prijavo:<\/strong>\u00a0ponedeljek, 19. april 2026, do 23:59.<\/li>\n\n\n\n<li><strong>Razpis:<\/strong>\u00a0<a href=\"https:\/\/mss.si\/wp\/wp-content\/uploads\/2026\/03\/Razpis_Ambasadorji-XII.-cikla-mladinskega-dialoga.pdf\">https:\/\/mss.si\/wp\/wp-content\/uploads\/2026\/03\/Razpis_Ambasadorji-XII.-cikla-mladinskega-dialoga.pdf<\/a><\/li>\n\n\n\n<li><strong>Prijavnica:<\/strong>\u00a0<a href=\"https:\/\/podio.com\/webforms\/28781958\/2322389\">https:\/\/podio.com\/webforms\/28781958\/2322389<\/a><\/li>\n\n\n\n<li><strong>Ve\u010d informacij o mladinskem dialogu:<\/strong>\u00a0<a href=\"https:\/\/mss.si\/projekti\/mladinski-dialog\/\">https:\/\/mss.si\/projekti\/mladinski-dialog\/<\/a><\/li>\n<\/ul>\n\n\n\n<div class=\"wp-block-qi-blocks-spacer qodef-block-container qodef-block-106ec35f\"><div class=\"qi-block-spacer qodef-block qodef-m\"><\/div><\/div>\n\n\n\n<p class=\"wp-block-paragraph\">V primeru vpra\u0161anj sta vam na voljo Sabina Belc (<strong><a href=\"mailto:sabina.belc@mss.si\">sabina.belc@mss.si<\/a><\/strong>) in \u017diga Ciglari\u010d (<strong><a href=\"mailto:ziga.ciglaric@mss.si\">ziga.ciglaric@mss.si<\/a><\/strong>).<\/p>\n\n\n\n<div class=\"wp-block-qi-blocks-spacer qodef-block-container qodef-block-337ea9e6\"><div class=\"qi-block-spacer qodef-block qodef-m\"><\/div><\/div>\n\n\n\n<p class=\"has-large-font-size wp-block-paragraph\">Ne zamudi prilo\u017enosti, da postane\u0161 most med mladimi in odlo\u010devalci!\ud83e\udd1d<\/p>\n\n\n\n<p class=\"wp-block-paragraph\"><\/p>","protected":false},"excerpt":{"rendered":"<p>Mladinski svet Slovenije vabi mlade med 18. in 28. letom, da se pridru\u017eijo \u010detrti generaciji ambasadorjev mladinskega dialoga. Mladinski dialog je klju\u010den evropski mehanizem, ki omogo\u010da skupno razmi\u0161ljanje in posvetovanje med mladimi in odlo\u010devalci o mladinskih politikah na lokalni, regionalni in evropski ravni. Postani ambasador_ka&nbsp;mladinskega dialoga, sodeluj v posvetovanjih mladih z odlo\u010devalci na vseh ravneh, [&hellip;]<\/p>\n","protected":false},"author":252603206,"featured_media":7797,"comment_status":"open","ping_status":"open","sticky":false,"template":"","format":"standard","meta":{"advanced_seo_description":"","jetpack_seo_html_title":"","jetpack_seo_noindex":false,"jetpack_seo_schema_type":"","_jetpack_newsletter_access":"","_jetpack_dont_email_post_to_subs":false,"_jetpack_newsletter_tier_id":0,"_jetpack_memberships_contains_paywalled_content":false,"_wpcom_ai_launchpad_first_post":false,"_jetpack_feature_clip_id":0,"_jetpack_memberships_contains_paid_content":false,"footnotes":"","jetpack_publicize_message":"{title}\n\n{excerpt}\n\n{url}","jetpack_publicize_feature_enabled":true,"jetpack_social_post_already_shared":true,"jetpack_social_options":{"image_generator_settings":{"template":"highway","default_image_id":0,"font":"","enabled":false},"version":2},"_wpas_customize_per_network":false,"jetpack_post_was_ever_published":false},"categories":[1367],"tags":[1424],"class_list":["post-7792","post","type-post","status-publish","format-standard","has-post-thumbnail","hentry","category-novice","tag-mladi"],"jetpack_publicize_connections":[],"jetpack_likes_enabled":true,"jetpack_sharing_enabled":true,"jetpack_shortlink":"https:\/\/wp.me\/pfSlLi-21G","jetpack-related-posts":[],"jetpack_featured_media_url":"https:\/\/i0.wp.com\/mcidrija.si\/wp-content\/uploads\/2026\/04\/website-size.png?fit=1800%2C1350&ssl=1","_links":{"self":[{"href":"https:\/\/mcidrija.si\/en\/wp-json\/wp\/v2\/posts\/7792","targetHints":{"allow":["GET"]}}],"collection":[{"href":"https:\/\/mcidrija.si\/en\/wp-json\/wp\/v2\/posts"}],"about":[{"href":"https:\/\/mcidrija.si\/en\/wp-json\/wp\/v2\/types\/post"}],"author":[{"embeddable":true,"href":"https:\/\/mcidrija.si\/en\/wp-json\/wp\/v2\/users\/252603206"}],"replies":[{"embeddable":true,"href":"https:\/\/mcidrija.si\/en\/wp-json\/wp\/v2\/comments?post=7792"}],"version-history":[{"count":4,"href":"https:\/\/mcidrija.si\/en\/wp-json\/wp\/v2\/posts\/7792\/revisions"}],"predecessor-version":[{"id":7799,"href":"https:\/\/mcidrija.si\/en\/wp-json\/wp\/v2\/posts\/7792\/revisions\/7799"}],"wp:featuredmedia":[{"embeddable":true,"href":"https:\/\/mcidrija.si\/en\/wp-json\/wp\/v2\/media\/7797"}],"wp:attachment":[{"href":"https:\/\/mcidrija.si\/en\/wp-json\/wp\/v2\/media?parent=7792"}],"wp:term":[{"taxonomy":"category","embeddable":true,"href":"https:\/\/mcidrija.si\/en\/wp-json\/wp\/v2\/categories?post=7792"},{"taxonomy":"post_tag","embeddable":true,"href":"https:\/\/mcidrija.si\/en\/wp-json\/wp\/v2\/tags?post=7792"}],"curies":[{"name":"wp","href":"https:\/\/api.w.org\/{rel}","templated":true}]}}