{"id":7924,"date":"2026-04-17T09:39:58","date_gmt":"2026-04-17T07:39:58","guid":{"rendered":"https:\/\/mcidrija.si\/?p=7924"},"modified":"2026-04-21T10:45:31","modified_gmt":"2026-04-21T08:45:31","slug":"katera-mednarodna-priloznost-je-prava-zate-oglej-si-razstavo-mladih-na-idrijskih-gimnaziji-in-izvedi","status":"publish","type":"post","link":"https:\/\/mcidrija.si\/en\/2026\/04\/17\/katera-mednarodna-priloznost-je-prava-zate-oglej-si-razstavo-mladih-na-idrijskih-gimnaziji-in-izvedi\/","title":{"rendered":"KATERA MEDNARODNA PRILO\u017dNOST JE PRAVA ZATE? OGLEJ SI RAZSTAVO MLADIH NA IDRIJSKIH GIMNAZIJI IN IZVEDI!"},"content":{"rendered":"<p class=\"wp-block-paragraph\"><em>Stopni\u0161\u010de Gimnazije Jurija Vege Idrija te dni pripoveduje zgodbe \u2013 zgodbe mladih, ki so Evropo \u017ee do\u017eiveli skozi izmenjave, prostovoljstvo in delo v tujini. Njihove izku\u0161nje so zdaj zbrane v razstavi, ki mladim iz Idrije pribli\u017euje, kako dostopne so lahko mednarodne prilo\u017enosti.<\/em><\/p>\n\n\n\n<div class=\"wp-block-qi-blocks-spacer qodef-block-container qodef-block-fbadfeba\"><div class=\"qi-block-spacer qodef-block qodef-m\"><\/div><\/div>\n\n\n\n<p class=\"wp-block-paragraph\">Na poziv Mladinskega centra Idrija so mladi delili fotografije svojih do\u017eivetij mednarodnih izmenjav, prostovoljstev v tujini, praks v tujih podjetij in drugih, enkratnih mednarodnih prilo\u017enosti, ki so jih do\u017eiveli v sklopu \u0161ole ali mladinskih organizacij v sklopu Erasmus+ in drugih programov Evropske Unije, ki spodbujajo mlade k mednarodnem udejstvovanju.<\/p>\n\n\n\n<div class=\"wp-block-qi-blocks-spacer qodef-block-container qodef-block-58762c8e\"><div class=\"qi-block-spacer qodef-block qodef-m\"><\/div><\/div>\n\n\n\n<blockquote class=\"wp-block-quote is-style-default has-accent-1-color has-base-background-color has-text-color has-background has-link-color wp-elements-1 is-layout-flow wp-block-quote-is-layout-flow\">\n<p class=\"has-luminous-vivid-amber-background-color has-background wp-block-paragraph\">Aleksandra Reutowicz, mednarodna prostovoljka Mladinskega centra Idrija in avtorice razstave: &#8220;Svoja do\u017eivetja je delilo kar 15 mladih, namen razstave je mladim iz Idrije in okolice pribli\u017eati \u0161tevilne mednarodne prilo\u017enosti, saj so informacije pogosto razpr\u0161ene in te\u017eko dostopne.&#8221;<\/p>\n<\/blockquote>\n\n\n\n<div class=\"wp-block-qi-blocks-spacer qodef-block-container qodef-block-f0df3249\"><div class=\"qi-block-spacer qodef-block qodef-m\"><\/div><\/div>\n\n\n\n<p class=\"wp-block-paragraph\">Mladinski delavci in u\u010ditelji namre\u010d, med mladimi opa\u017eamo zadr\u017eanost pri odlo\u010danju za potovanja po Evropi v sklopu programov EU, zato jim \u017eelimo prikazati dodano vrednost tak\u0161nega na\u010dina potovanja, ki se ka\u017ee v grajenju mre\u017ee poznanstev preko celotne Evrope, krepitvi kompetenc, ki jih ne mladi te\u017eko pridobijo na druga\u010den na\u010din, ter krepitev evropskih vrednot med mladimi.<\/p>\n\n\n\n<div class=\"wp-block-qi-blocks-spacer qodef-block-container qodef-block-144b0abd\"><div class=\"qi-block-spacer qodef-block qodef-m\"><\/div><\/div>\n\n\n\n<p class=\"wp-block-paragraph\">Razstava je nastala v sklopu obele\u017eite <a href=\"https:\/\/youth.europa.eu\/youthweek_sl\" data-type=\"link\" data-id=\"https:\/\/youth.europa.eu\/youthweek_sl\">Evropskega tedna mladih<\/a>, ki bo poteka med 24. aprilom in 1. majem po celi Evropi, z namenom praznovanje in spodbujanje sodelovanja, udele\u017ebe in aktivnega dr\u017eavljanstva mladih po vsej Evropi in zunaj nje. K praznovanju se je <strong>pridru\u017eilo 37 dr\u017eav<\/strong>, ki je in \u0161e bo, skupaj pripravilo <strong>ve\u010d kot 800 dogodkov<\/strong>.<\/p>\n\n\n\n<div class=\"wp-block-qi-blocks-spacer qodef-block-container qodef-block-85a5bc79\"><div class=\"qi-block-spacer qodef-block qodef-m\"><\/div><\/div>\n\n\n\n<p class=\"wp-block-paragraph\">Razstava bo otvorjena <strong>danes, 17. 4. in bo na voljo za ogled do petka, 8. 5.<\/strong> Razstava pa mlade tudi spodbuja k udele\u017ebi <a href=\"https:\/\/fb.me\/e\/5Q6B4Tsdh\">dogodka<\/a>, ki se bo o<strong>dvil 6. 5. tako v avli GJV kot avli \u010cipkarske \u0161ole<\/strong>, kjer bodo mladi lahko sodelovali v kvizu in izvedeli, katera mednarodna prilo\u017enost je zanje najprimernej\u0161a.<\/p>\n\n\n\n<div class=\"wp-block-qi-blocks-spacer qodef-block-container qodef-block-313b0bd8\"><div class=\"qi-block-spacer qodef-block qodef-m\"><\/div><\/div>\n\n\n\n<div class=\"wp-block-columns is-layout-flex wp-container-core-columns-is-layout-28f84493 wp-block-columns-is-layout-flex\">\n<div class=\"wp-block-column is-layout-flow wp-block-column-is-layout-flow\">\n<figure class=\"wp-block-image size-large\"><img data-recalc-dims=\"1\" fetchpriority=\"high\" decoding=\"async\" width=\"1024\" height=\"682\" data-attachment-id=\"7948\" data-permalink=\"https:\/\/mcidrija.si\/en\/2026\/04\/17\/katera-mednarodna-priloznost-je-prava-zate-oglej-si-razstavo-mladih-na-idrijskih-gimnaziji-in-izvedi\/razstava-everopski-teden-mladih-2-2\/\" data-orig-file=\"https:\/\/i0.wp.com\/mcidrija.si\/wp-content\/uploads\/2026\/04\/Razstava-everopski-teden-mladih-2-1.jpeg?fit=1600%2C1066&amp;ssl=1\" data-orig-size=\"1600,1066\" data-comments-opened=\"1\" data-image-meta=\"{&quot;aperture&quot;:&quot;0&quot;,&quot;credit&quot;:&quot;&quot;,&quot;camera&quot;:&quot;&quot;,&quot;caption&quot;:&quot;&quot;,&quot;created_timestamp&quot;:&quot;0&quot;,&quot;copyright&quot;:&quot;&quot;,&quot;focal_length&quot;:&quot;0&quot;,&quot;iso&quot;:&quot;0&quot;,&quot;shutter_speed&quot;:&quot;0&quot;,&quot;title&quot;:&quot;&quot;,&quot;orientation&quot;:&quot;0&quot;}\" data-image-title=\"Razstava everopski teden mladih 2\" data-image-description=\"\" data-image-caption=\"\" data-large-file=\"https:\/\/i0.wp.com\/mcidrija.si\/wp-content\/uploads\/2026\/04\/Razstava-everopski-teden-mladih-2-1.jpeg?fit=1024%2C682&amp;ssl=1\" src=\"https:\/\/i0.wp.com\/mcidrija.si\/wp-content\/uploads\/2026\/04\/Razstava-everopski-teden-mladih-2-1.jpeg?resize=1024%2C682&#038;ssl=1\" alt=\"\" class=\"wp-image-7948\" srcset=\"https:\/\/i0.wp.com\/mcidrija.si\/wp-content\/uploads\/2026\/04\/Razstava-everopski-teden-mladih-2-1.jpeg?resize=1024%2C682&amp;ssl=1 1024w, https:\/\/i0.wp.com\/mcidrija.si\/wp-content\/uploads\/2026\/04\/Razstava-everopski-teden-mladih-2-1.jpeg?resize=300%2C200&amp;ssl=1 300w, https:\/\/i0.wp.com\/mcidrija.si\/wp-content\/uploads\/2026\/04\/Razstava-everopski-teden-mladih-2-1.jpeg?resize=768%2C512&amp;ssl=1 768w, https:\/\/i0.wp.com\/mcidrija.si\/wp-content\/uploads\/2026\/04\/Razstava-everopski-teden-mladih-2-1.jpeg?resize=1536%2C1023&amp;ssl=1 1536w, https:\/\/i0.wp.com\/mcidrija.si\/wp-content\/uploads\/2026\/04\/Razstava-everopski-teden-mladih-2-1.jpeg?resize=18%2C12&amp;ssl=1 18w, https:\/\/i0.wp.com\/mcidrija.si\/wp-content\/uploads\/2026\/04\/Razstava-everopski-teden-mladih-2-1.jpeg?resize=1200%2C800&amp;ssl=1 1200w, https:\/\/i0.wp.com\/mcidrija.si\/wp-content\/uploads\/2026\/04\/Razstava-everopski-teden-mladih-2-1.jpeg?w=1600&amp;ssl=1 1600w\" sizes=\"(max-width: 1000px) 100vw, 1000px\" \/><\/figure>\n<\/div>\n\n\n\n<div class=\"wp-block-column is-layout-flow wp-block-column-is-layout-flow\">\n<figure class=\"wp-block-image size-large\"><img data-recalc-dims=\"1\" decoding=\"async\" width=\"1024\" height=\"682\" data-attachment-id=\"7943\" data-permalink=\"https:\/\/mcidrija.si\/en\/2026\/04\/17\/katera-mednarodna-priloznost-je-prava-zate-oglej-si-razstavo-mladih-na-idrijskih-gimnaziji-in-izvedi\/razstava-evropski-teden-mladih-3\/\" data-orig-file=\"https:\/\/i0.wp.com\/mcidrija.si\/wp-content\/uploads\/2026\/04\/Razstava-Evropski-teden-mladih-3.jpeg?fit=1600%2C1066&amp;ssl=1\" data-orig-size=\"1600,1066\" data-comments-opened=\"1\" data-image-meta=\"{&quot;aperture&quot;:&quot;0&quot;,&quot;credit&quot;:&quot;&quot;,&quot;camera&quot;:&quot;&quot;,&quot;caption&quot;:&quot;&quot;,&quot;created_timestamp&quot;:&quot;0&quot;,&quot;copyright&quot;:&quot;&quot;,&quot;focal_length&quot;:&quot;0&quot;,&quot;iso&quot;:&quot;0&quot;,&quot;shutter_speed&quot;:&quot;0&quot;,&quot;title&quot;:&quot;&quot;,&quot;orientation&quot;:&quot;0&quot;}\" data-image-title=\"Razstava Evropski teden mladih 3\" data-image-description=\"\" data-image-caption=\"\" data-large-file=\"https:\/\/i0.wp.com\/mcidrija.si\/wp-content\/uploads\/2026\/04\/Razstava-Evropski-teden-mladih-3.jpeg?fit=1024%2C682&amp;ssl=1\" src=\"https:\/\/i0.wp.com\/mcidrija.si\/wp-content\/uploads\/2026\/04\/Razstava-Evropski-teden-mladih-3.jpeg?resize=1024%2C682&#038;ssl=1\" alt=\"\" class=\"wp-image-7943\" srcset=\"https:\/\/i0.wp.com\/mcidrija.si\/wp-content\/uploads\/2026\/04\/Razstava-Evropski-teden-mladih-3.jpeg?resize=1024%2C682&amp;ssl=1 1024w, https:\/\/i0.wp.com\/mcidrija.si\/wp-content\/uploads\/2026\/04\/Razstava-Evropski-teden-mladih-3.jpeg?resize=300%2C200&amp;ssl=1 300w, https:\/\/i0.wp.com\/mcidrija.si\/wp-content\/uploads\/2026\/04\/Razstava-Evropski-teden-mladih-3.jpeg?resize=768%2C512&amp;ssl=1 768w, https:\/\/i0.wp.com\/mcidrija.si\/wp-content\/uploads\/2026\/04\/Razstava-Evropski-teden-mladih-3.jpeg?resize=1536%2C1023&amp;ssl=1 1536w, https:\/\/i0.wp.com\/mcidrija.si\/wp-content\/uploads\/2026\/04\/Razstava-Evropski-teden-mladih-3.jpeg?resize=18%2C12&amp;ssl=1 18w, https:\/\/i0.wp.com\/mcidrija.si\/wp-content\/uploads\/2026\/04\/Razstava-Evropski-teden-mladih-3.jpeg?resize=1200%2C800&amp;ssl=1 1200w, https:\/\/i0.wp.com\/mcidrija.si\/wp-content\/uploads\/2026\/04\/Razstava-Evropski-teden-mladih-3.jpeg?w=1600&amp;ssl=1 1600w\" sizes=\"(max-width: 1000px) 100vw, 1000px\" \/><\/figure>\n<\/div>\n<\/div>\n\n\n\n<div class=\"wp-block-qi-blocks-spacer qodef-block-container qodef-block-0c850912\"><div class=\"qi-block-spacer qodef-block qodef-m\"><\/div><\/div>\n\n\n\n<div class=\"wp-block-columns is-layout-flex wp-container-core-columns-is-layout-28f84493 wp-block-columns-is-layout-flex\">\n<div class=\"wp-block-column is-layout-flow wp-block-column-is-layout-flow\">\n<figure class=\"wp-block-image alignright size-large is-resized\"><img data-recalc-dims=\"1\" decoding=\"async\" width=\"576\" height=\"1024\" data-attachment-id=\"7952\" data-permalink=\"https:\/\/mcidrija.si\/en\/2026\/04\/17\/katera-mednarodna-priloznost-je-prava-zate-oglej-si-razstavo-mladih-na-idrijskih-gimnaziji-in-izvedi\/razstava-evropski-teden-mladih-5-2\/\" data-orig-file=\"https:\/\/i0.wp.com\/mcidrija.si\/wp-content\/uploads\/2026\/04\/Razstava-Evropski-teden-mladih-5-1.jpeg?fit=900%2C1600&amp;ssl=1\" data-orig-size=\"900,1600\" data-comments-opened=\"1\" data-image-meta=\"{&quot;aperture&quot;:&quot;0&quot;,&quot;credit&quot;:&quot;&quot;,&quot;camera&quot;:&quot;&quot;,&quot;caption&quot;:&quot;&quot;,&quot;created_timestamp&quot;:&quot;0&quot;,&quot;copyright&quot;:&quot;&quot;,&quot;focal_length&quot;:&quot;0&quot;,&quot;iso&quot;:&quot;0&quot;,&quot;shutter_speed&quot;:&quot;0&quot;,&quot;title&quot;:&quot;&quot;,&quot;orientation&quot;:&quot;0&quot;}\" data-image-title=\"Razstava Evropski teden mladih 5\" data-image-description=\"\" data-image-caption=\"\" data-large-file=\"https:\/\/i0.wp.com\/mcidrija.si\/wp-content\/uploads\/2026\/04\/Razstava-Evropski-teden-mladih-5-1.jpeg?fit=576%2C1024&amp;ssl=1\" src=\"https:\/\/i0.wp.com\/mcidrija.si\/wp-content\/uploads\/2026\/04\/Razstava-Evropski-teden-mladih-5-1.jpeg?resize=576%2C1024&#038;ssl=1\" alt=\"Avtorica razstave\" class=\"wp-image-7952\" style=\"aspect-ratio:0.5625022606431077;width:410px;height:auto\" srcset=\"https:\/\/i0.wp.com\/mcidrija.si\/wp-content\/uploads\/2026\/04\/Razstava-Evropski-teden-mladih-5-1.jpeg?resize=576%2C1024&amp;ssl=1 576w, https:\/\/i0.wp.com\/mcidrija.si\/wp-content\/uploads\/2026\/04\/Razstava-Evropski-teden-mladih-5-1.jpeg?resize=169%2C300&amp;ssl=1 169w, https:\/\/i0.wp.com\/mcidrija.si\/wp-content\/uploads\/2026\/04\/Razstava-Evropski-teden-mladih-5-1.jpeg?resize=768%2C1365&amp;ssl=1 768w, https:\/\/i0.wp.com\/mcidrija.si\/wp-content\/uploads\/2026\/04\/Razstava-Evropski-teden-mladih-5-1.jpeg?resize=864%2C1536&amp;ssl=1 864w, https:\/\/i0.wp.com\/mcidrija.si\/wp-content\/uploads\/2026\/04\/Razstava-Evropski-teden-mladih-5-1.jpeg?resize=7%2C12&amp;ssl=1 7w, https:\/\/i0.wp.com\/mcidrija.si\/wp-content\/uploads\/2026\/04\/Razstava-Evropski-teden-mladih-5-1.jpeg?w=900&amp;ssl=1 900w\" sizes=\"(max-width: 576px) 100vw, 576px\" \/><\/figure>\n<\/div>\n\n\n\n<div class=\"wp-block-column is-layout-flow wp-block-column-is-layout-flow\">\n<figure class=\"wp-block-image size-large\"><img data-recalc-dims=\"1\" loading=\"lazy\" decoding=\"async\" width=\"682\" height=\"1024\" data-attachment-id=\"7955\" data-permalink=\"https:\/\/mcidrija.si\/en\/2026\/04\/17\/katera-mednarodna-priloznost-je-prava-zate-oglej-si-razstavo-mladih-na-idrijskih-gimnaziji-in-izvedi\/razstava-evropski-teden-mladih-4-3\/\" data-orig-file=\"https:\/\/i0.wp.com\/mcidrija.si\/wp-content\/uploads\/2026\/04\/Razstava-Evropski-teden-mladih-4-2.jpeg?fit=1066%2C1600&amp;ssl=1\" data-orig-size=\"1066,1600\" data-comments-opened=\"1\" data-image-meta=\"{&quot;aperture&quot;:&quot;0&quot;,&quot;credit&quot;:&quot;&quot;,&quot;camera&quot;:&quot;&quot;,&quot;caption&quot;:&quot;&quot;,&quot;created_timestamp&quot;:&quot;0&quot;,&quot;copyright&quot;:&quot;&quot;,&quot;focal_length&quot;:&quot;0&quot;,&quot;iso&quot;:&quot;0&quot;,&quot;shutter_speed&quot;:&quot;0&quot;,&quot;title&quot;:&quot;&quot;,&quot;orientation&quot;:&quot;0&quot;}\" data-image-title=\"Razstava Evropski teden mladih 4\" data-image-description=\"\" data-image-caption=\"\" data-large-file=\"https:\/\/i0.wp.com\/mcidrija.si\/wp-content\/uploads\/2026\/04\/Razstava-Evropski-teden-mladih-4-2.jpeg?fit=682%2C1024&amp;ssl=1\" src=\"https:\/\/i0.wp.com\/mcidrija.si\/wp-content\/uploads\/2026\/04\/Razstava-Evropski-teden-mladih-4-2.jpeg?resize=682%2C1024&#038;ssl=1\" alt=\"\" class=\"wp-image-7955\" srcset=\"https:\/\/i0.wp.com\/mcidrija.si\/wp-content\/uploads\/2026\/04\/Razstava-Evropski-teden-mladih-4-2.jpeg?resize=682%2C1024&amp;ssl=1 682w, https:\/\/i0.wp.com\/mcidrija.si\/wp-content\/uploads\/2026\/04\/Razstava-Evropski-teden-mladih-4-2.jpeg?resize=200%2C300&amp;ssl=1 200w, https:\/\/i0.wp.com\/mcidrija.si\/wp-content\/uploads\/2026\/04\/Razstava-Evropski-teden-mladih-4-2.jpeg?resize=768%2C1153&amp;ssl=1 768w, https:\/\/i0.wp.com\/mcidrija.si\/wp-content\/uploads\/2026\/04\/Razstava-Evropski-teden-mladih-4-2.jpeg?resize=1023%2C1536&amp;ssl=1 1023w, https:\/\/i0.wp.com\/mcidrija.si\/wp-content\/uploads\/2026\/04\/Razstava-Evropski-teden-mladih-4-2.jpeg?resize=8%2C12&amp;ssl=1 8w, https:\/\/i0.wp.com\/mcidrija.si\/wp-content\/uploads\/2026\/04\/Razstava-Evropski-teden-mladih-4-2.jpeg?w=1066&amp;ssl=1 1066w\" sizes=\"(max-width: 682px) 100vw, 682px\" \/><\/figure>\n<\/div>\n<\/div>\n\n\n\n<div class=\"wp-block-qi-blocks-spacer qodef-block-container qodef-block-eea97da8\"><div class=\"qi-block-spacer qodef-block qodef-m\"><\/div><\/div>\n\n\n\n<p class=\"wp-block-paragraph\"><em>Razstavo je postavil Mladinski center Idrija, v sodelovanju z Gimnazijo Jurija Vege Idrija in je sofinancirana s strani Evropske unije, v sklopu Evropskega tedna mladih in pod koordinacijo nacionalne agencije Movit.<\/em><\/p>\n\n\n\n<div class=\"wp-block-qi-blocks-spacer qodef-block-container qodef-block-aebbd4e0\"><div class=\"qi-block-spacer qodef-block qodef-m\"><\/div><\/div>\n\n\n\n<section class=\"wp-block-qi-blocks-columns qodef-gutenberg-section qodef--template qodef-block-326c8a43 qodef-col-num--3 qodef-col-layout--33 qodef-content--boxed\"><div class=\"qodef-section-background-overlay\"><\/div><div class=\"qodef-gutenberg-row\">\n<div class=\"wp-block-qi-blocks-column qodef-gutenberg-column qodef-block-9d5da936\"><div class=\"qodef-gutenberg-column-inner\">\n<figure class=\"wp-block-image aligncenter size-full is-resized\"><img data-recalc-dims=\"1\" loading=\"lazy\" decoding=\"async\" width=\"617\" height=\"226\" data-attachment-id=\"7932\" data-permalink=\"https:\/\/mcidrija.si\/en\/2026\/04\/17\/katera-mednarodna-priloznost-je-prava-zate-oglej-si-razstavo-mladih-na-idrijskih-gimnaziji-in-izvedi\/movit-2\/\" data-orig-file=\"https:\/\/i0.wp.com\/mcidrija.si\/wp-content\/uploads\/2026\/04\/Movit.jpg?fit=617%2C226&amp;ssl=1\" data-orig-size=\"617,226\" data-comments-opened=\"1\" data-image-meta=\"{&quot;aperture&quot;:&quot;0&quot;,&quot;credit&quot;:&quot;&quot;,&quot;camera&quot;:&quot;&quot;,&quot;caption&quot;:&quot;&quot;,&quot;created_timestamp&quot;:&quot;0&quot;,&quot;copyright&quot;:&quot;&quot;,&quot;focal_length&quot;:&quot;0&quot;,&quot;iso&quot;:&quot;0&quot;,&quot;shutter_speed&quot;:&quot;0&quot;,&quot;title&quot;:&quot;&quot;,&quot;orientation&quot;:&quot;0&quot;}\" data-image-title=\"Movit\" data-image-description=\"\" data-image-caption=\"\" data-large-file=\"https:\/\/i0.wp.com\/mcidrija.si\/wp-content\/uploads\/2026\/04\/Movit.jpg?fit=617%2C226&amp;ssl=1\" src=\"https:\/\/i0.wp.com\/mcidrija.si\/wp-content\/uploads\/2026\/04\/Movit.jpg?resize=617%2C226&#038;ssl=1\" alt=\"\" class=\"wp-image-7932\" style=\"aspect-ratio:2.7302485847895643;width:241px;height:auto\" srcset=\"https:\/\/i0.wp.com\/mcidrija.si\/wp-content\/uploads\/2026\/04\/Movit.jpg?w=617&amp;ssl=1 617w, https:\/\/i0.wp.com\/mcidrija.si\/wp-content\/uploads\/2026\/04\/Movit.jpg?resize=300%2C110&amp;ssl=1 300w, https:\/\/i0.wp.com\/mcidrija.si\/wp-content\/uploads\/2026\/04\/Movit.jpg?resize=18%2C7&amp;ssl=1 18w\" sizes=\"(max-width: 617px) 100vw, 617px\" \/><\/figure>\n<\/div><\/div>\n\n\n\n<div class=\"wp-block-qi-blocks-column qodef-gutenberg-column qodef-block-425bd9fb\"><div class=\"qodef-gutenberg-column-inner\">\n<figure class=\"wp-block-image alignleft size-medium is-resized\"><img data-recalc-dims=\"1\" loading=\"lazy\" decoding=\"async\" width=\"300\" height=\"169\" data-attachment-id=\"7934\" data-permalink=\"https:\/\/mcidrija.si\/en\/2026\/04\/17\/katera-mednarodna-priloznost-je-prava-zate-oglej-si-razstavo-mladih-na-idrijskih-gimnaziji-in-izvedi\/sl_eyw_id_logo_b_blue\/\" data-orig-file=\"https:\/\/i0.wp.com\/mcidrija.si\/wp-content\/uploads\/2026\/04\/SL_EYW_ID_LOGO_B_BLUE.png?fit=4000%2C2250&amp;ssl=1\" data-orig-size=\"4000,2250\" data-comments-opened=\"1\" data-image-meta=\"{&quot;aperture&quot;:&quot;0&quot;,&quot;credit&quot;:&quot;&quot;,&quot;camera&quot;:&quot;&quot;,&quot;caption&quot;:&quot;&quot;,&quot;created_timestamp&quot;:&quot;0&quot;,&quot;copyright&quot;:&quot;&quot;,&quot;focal_length&quot;:&quot;0&quot;,&quot;iso&quot;:&quot;0&quot;,&quot;shutter_speed&quot;:&quot;0&quot;,&quot;title&quot;:&quot;&quot;,&quot;orientation&quot;:&quot;0&quot;}\" data-image-title=\"SL_EYW_ID_LOGO_B_BLUE\" data-image-description=\"\" data-image-caption=\"\" data-large-file=\"https:\/\/i0.wp.com\/mcidrija.si\/wp-content\/uploads\/2026\/04\/SL_EYW_ID_LOGO_B_BLUE.png?fit=1024%2C576&amp;ssl=1\" src=\"https:\/\/i0.wp.com\/mcidrija.si\/wp-content\/uploads\/2026\/04\/SL_EYW_ID_LOGO_B_BLUE.png?resize=300%2C169&#038;ssl=1\" alt=\"\" class=\"wp-image-7934\" style=\"aspect-ratio:1.7753120665742026;width:234px;height:auto\" srcset=\"https:\/\/i0.wp.com\/mcidrija.si\/wp-content\/uploads\/2026\/04\/SL_EYW_ID_LOGO_B_BLUE.png?resize=300%2C169&amp;ssl=1 300w, https:\/\/i0.wp.com\/mcidrija.si\/wp-content\/uploads\/2026\/04\/SL_EYW_ID_LOGO_B_BLUE.png?resize=1024%2C576&amp;ssl=1 1024w, https:\/\/i0.wp.com\/mcidrija.si\/wp-content\/uploads\/2026\/04\/SL_EYW_ID_LOGO_B_BLUE.png?resize=768%2C432&amp;ssl=1 768w, https:\/\/i0.wp.com\/mcidrija.si\/wp-content\/uploads\/2026\/04\/SL_EYW_ID_LOGO_B_BLUE.png?resize=1536%2C864&amp;ssl=1 1536w, https:\/\/i0.wp.com\/mcidrija.si\/wp-content\/uploads\/2026\/04\/SL_EYW_ID_LOGO_B_BLUE.png?resize=2048%2C1152&amp;ssl=1 2048w, https:\/\/i0.wp.com\/mcidrija.si\/wp-content\/uploads\/2026\/04\/SL_EYW_ID_LOGO_B_BLUE.png?resize=18%2C10&amp;ssl=1 18w, https:\/\/i0.wp.com\/mcidrija.si\/wp-content\/uploads\/2026\/04\/SL_EYW_ID_LOGO_B_BLUE.png?resize=1200%2C675&amp;ssl=1 1200w, https:\/\/i0.wp.com\/mcidrija.si\/wp-content\/uploads\/2026\/04\/SL_EYW_ID_LOGO_B_BLUE.png?w=3000&amp;ssl=1 3000w\" sizes=\"(max-width: 300px) 100vw, 300px\" \/><\/figure>\n<\/div><\/div>\n\n\n\n<div class=\"wp-block-qi-blocks-column qodef-gutenberg-column qodef-block-ec0171ab\"><div class=\"qodef-gutenberg-column-inner\">\n<figure class=\"wp-block-image aligncenter size-full\"><img data-recalc-dims=\"1\" loading=\"lazy\" decoding=\"async\" width=\"768\" height=\"202\" data-attachment-id=\"7086\" data-permalink=\"https:\/\/mcidrija.si\/en\/sl_co-fundedbytheeu_rgb_pos-3\/\" data-orig-file=\"https:\/\/i0.wp.com\/mcidrija.si\/wp-content\/uploads\/2026\/02\/SL_Co-fundedbytheEU_RGB_POS.webp?fit=768%2C202&amp;ssl=1\" data-orig-size=\"768,202\" data-comments-opened=\"1\" data-image-meta=\"{&quot;aperture&quot;:&quot;0&quot;,&quot;credit&quot;:&quot;&quot;,&quot;camera&quot;:&quot;&quot;,&quot;caption&quot;:&quot;&quot;,&quot;created_timestamp&quot;:&quot;0&quot;,&quot;copyright&quot;:&quot;&quot;,&quot;focal_length&quot;:&quot;0&quot;,&quot;iso&quot;:&quot;0&quot;,&quot;shutter_speed&quot;:&quot;0&quot;,&quot;title&quot;:&quot;&quot;,&quot;orientation&quot;:&quot;0&quot;}\" data-image-title=\"SL_Co-fundedbytheEU_RGB_POS\" data-image-description=\"\" data-image-caption=\"\" data-large-file=\"https:\/\/i0.wp.com\/mcidrija.si\/wp-content\/uploads\/2026\/02\/SL_Co-fundedbytheEU_RGB_POS.webp?fit=768%2C202&amp;ssl=1\" src=\"https:\/\/i0.wp.com\/mcidrija.si\/wp-content\/uploads\/2026\/02\/SL_Co-fundedbytheEU_RGB_POS.webp?resize=768%2C202&#038;ssl=1\" alt=\"\" class=\"wp-image-7086\" srcset=\"https:\/\/i0.wp.com\/mcidrija.si\/wp-content\/uploads\/2026\/02\/SL_Co-fundedbytheEU_RGB_POS.webp?w=768&amp;ssl=1 768w, https:\/\/i0.wp.com\/mcidrija.si\/wp-content\/uploads\/2026\/02\/SL_Co-fundedbytheEU_RGB_POS.webp?resize=300%2C79&amp;ssl=1 300w, https:\/\/i0.wp.com\/mcidrija.si\/wp-content\/uploads\/2026\/02\/SL_Co-fundedbytheEU_RGB_POS.webp?resize=18%2C5&amp;ssl=1 18w\" sizes=\"(max-width: 768px) 100vw, 768px\" \/><\/figure>\n<\/div><\/div>\n<\/div><\/section>\n\n\n\n<p class=\"wp-block-paragraph\"><\/p>","protected":false},"excerpt":{"rendered":"<p>Stopni\u0161\u010de Gimnazije Jurija Vege Idrija te dni pripoveduje zgodbe \u2013 zgodbe mladih, ki so Evropo \u017ee do\u017eiveli skozi izmenjave, prostovoljstvo in delo v tujini. Njihove izku\u0161nje so zdaj zbrane v razstavi, ki mladim iz Idrije pribli\u017euje, kako dostopne so lahko mednarodne prilo\u017enosti. Na poziv Mladinskega centra Idrija so mladi delili fotografije svojih do\u017eivetij mednarodnih izmenjav, [&hellip;]<\/p>\n","protected":false},"author":252603206,"featured_media":7958,"comment_status":"open","ping_status":"open","sticky":false,"template":"","format":"standard","meta":{"advanced_seo_description":"","jetpack_seo_html_title":"","jetpack_seo_noindex":false,"jetpack_seo_schema_type":"","_jetpack_newsletter_access":"","_jetpack_dont_email_post_to_subs":false,"_jetpack_newsletter_tier_id":0,"_jetpack_memberships_contains_paywalled_content":false,"_wpcom_ai_launchpad_first_post":false,"_jetpack_feature_clip_id":0,"_jetpack_memberships_contains_paid_content":false,"footnotes":"","jetpack_publicize_message":"{title}\n\n{excerpt}\n\n{url}","jetpack_publicize_feature_enabled":true,"jetpack_social_post_already_shared":true,"jetpack_social_options":{"image_generator_settings":{"template":"highway","default_image_id":0,"font":"","enabled":false},"version":2},"_wpas_customize_per_network":false,"jetpack_post_was_ever_published":false},"categories":[1367],"tags":[],"class_list":["post-7924","post","type-post","status-publish","format-standard","has-post-thumbnail","hentry","category-novice"],"jetpack_publicize_connections":[],"jetpack_likes_enabled":true,"jetpack_sharing_enabled":true,"jetpack_shortlink":"https:\/\/wp.me\/pfSlLi-23O","jetpack-related-posts":[],"jetpack_featured_media_url":"https:\/\/i0.wp.com\/mcidrija.si\/wp-content\/uploads\/2026\/04\/KVIZ-WEBSITE.png?fit=1200%2C900&ssl=1","_links":{"self":[{"href":"https:\/\/mcidrija.si\/en\/wp-json\/wp\/v2\/posts\/7924","targetHints":{"allow":["GET"]}}],"collection":[{"href":"https:\/\/mcidrija.si\/en\/wp-json\/wp\/v2\/posts"}],"about":[{"href":"https:\/\/mcidrija.si\/en\/wp-json\/wp\/v2\/types\/post"}],"author":[{"embeddable":true,"href":"https:\/\/mcidrija.si\/en\/wp-json\/wp\/v2\/users\/252603206"}],"replies":[{"embeddable":true,"href":"https:\/\/mcidrija.si\/en\/wp-json\/wp\/v2\/comments?post=7924"}],"version-history":[{"count":11,"href":"https:\/\/mcidrija.si\/en\/wp-json\/wp\/v2\/posts\/7924\/revisions"}],"predecessor-version":[{"id":7959,"href":"https:\/\/mcidrija.si\/en\/wp-json\/wp\/v2\/posts\/7924\/revisions\/7959"}],"wp:featuredmedia":[{"embeddable":true,"href":"https:\/\/mcidrija.si\/en\/wp-json\/wp\/v2\/media\/7958"}],"wp:attachment":[{"href":"https:\/\/mcidrija.si\/en\/wp-json\/wp\/v2\/media?parent=7924"}],"wp:term":[{"taxonomy":"category","embeddable":true,"href":"https:\/\/mcidrija.si\/en\/wp-json\/wp\/v2\/categories?post=7924"},{"taxonomy":"post_tag","embeddable":true,"href":"https:\/\/mcidrija.si\/en\/wp-json\/wp\/v2\/tags?post=7924"}],"curies":[{"name":"wp","href":"https:\/\/api.w.org\/{rel}","templated":true}]}}