{"id":8123,"date":"2026-05-07T07:41:32","date_gmt":"2026-05-07T05:41:32","guid":{"rendered":"https:\/\/mcidrija.si\/?p=8123"},"modified":"2026-05-07T13:05:14","modified_gmt":"2026-05-07T11:05:14","slug":"evropski-teden-mladih-mini-kviz-velike-priloznosti","status":"publish","type":"post","link":"https:\/\/mcidrija.si\/en\/2026\/05\/07\/evropski-teden-mladih-mini-kviz-velike-priloznosti\/","title":{"rendered":"Evropski teden mladih: Mini kviz, velike prilo\u017enosti"},"content":{"rendered":"\n<p class=\"wp-block-paragraph\">V sklopu <strong>Evropskega tedna mladih<\/strong> smo <strong>6. maja 2026<\/strong> organizirali <strong>mini interaktivni kviz o mednarodnih prilo\u017enostih za mlade<\/strong>. Dogodek je potekal na Gimnaziji Jurija Vege Idrija, kjer smo dijakom na zabaven in interaktiven na\u010din pribli\u017eali mo\u017enosti, ki jih mladim <strong>ponuja Evropska unija<\/strong>.<\/p>\n\n\n\n<div class=\"wp-block-qi-blocks-spacer qodef-block-container qodef-block-e471a61f\"><div class=\"qi-block-spacer qodef-block qodef-m\"><\/div><\/div>\n\n\n\n<p class=\"wp-block-paragraph\">\u017de v za\u010detku aprila smo odprli<strong> javni poziv za sodelovanje na fotografski razstavi<\/strong>, s katero smo \u017eeleli med mladimi spodbuditi zanimanje, da bi tudi sami do\u017eiveli kaj podobnega. Na poziv se je odzvalo kar <strong>okrog 15 dijakov<\/strong>, ki so se v preteklosti \u017ee udele\u017eili razli\u010dnih mednarodnih aktivnosti. Njihove fotografije in zgodbe smo razstavili na stopni\u0161\u010du Gimnazije Jurija Vege Idrija, kjer so mimoido\u010dim pribli\u017eale do\u017eivetja iz tujine ter jih spodbudile k razmi\u0161ljanju o lastnih mednarodnih izku\u0161njah.<\/p>\n\n\n\n<div class=\"wp-block-qi-blocks-spacer qodef-block-container qodef-block-e471a61f\"><div class=\"qi-block-spacer qodef-block qodef-m\"><\/div><\/div>\n\n\n\n<p class=\"wp-block-paragraph\">Vrhunec dogajanja je bil <strong>interaktivni kviz<\/strong>, ki smo ga <strong>med malico<\/strong> so\u010dasno izvajali v avli gimnazije in na spodnji, tehni\u010dni \u0161oli. Dijaki so z zanimanjem pristopili do nas, re\u0161evali kviz ter skozi odgovore odkrivali, <strong>katera mednarodna prilo\u017enost bi najbolj ustrezala njihovim interesom in \u017eeljam.<\/strong><\/p>\n\n\n\n<div class=\"wp-block-qi-blocks-spacer qodef-block-container qodef-block-e471a61f\"><div class=\"qi-block-spacer qodef-block qodef-m\"><\/div><\/div>\n\n\n\n<p class=\"wp-block-paragraph\">Poleg kviza so imeli <strong>mo\u017enost poklepetati<\/strong> tudi z <strong>mladinskimi delavci ter dvema mednarodnima prostovoljkama<\/strong>, ki sta trenutno pri nas preko <strong>Evropske solidarnostne enote<\/strong> \u2013 z Olo iz Poljske in Ronjo iz Finske. Dijaki so iz prve roke izvedeli ve\u010d o \u017eivljenju v tujini, prostovoljstvu in razli\u010dnih mo\u017enostih vklju\u010devanja v mednarodne projekte.<\/p>\n\n\n\n<div class=\"wp-block-qi-blocks-spacer qodef-block-container qodef-block-e471a61f\"><div class=\"qi-block-spacer qodef-block qodef-m\"><\/div><\/div>\n\n\n\n<p class=\"wp-block-paragraph\">Za spomin in dodatno motivacijo so obiskovalci prejeli<strong> mini infopack o mednarodnih prilo\u017enostih v obliki letalske karte<\/strong>, lahko pa so si vzeli tudi bro\u0161ko in pi\u0161kot za lep\u0161i dan.<\/p>\n\n\n\n<div class=\"wp-block-qi-blocks-spacer qodef-block-container qodef-block-e471a61f\"><div class=\"qi-block-spacer qodef-block qodef-m\"><\/div><\/div>\n\n\n\n<p class=\"has-medium-font-size wp-block-paragraph\">Hvala vsem dijakom, ki ste se ustavili pri nas, in hvala Gimnazija Jurija Vege Idrija za ponovno uspe\u0161no sodelovanje!<\/p>\n\n\n\n<div class=\"wp-block-qi-blocks-spacer qodef-block-container qodef-block-e471a61f\"><div class=\"qi-block-spacer qodef-block qodef-m\"><\/div><\/div>\n\n\n\n<p class=\"wp-block-paragraph\">\u010ce imate kakr\u0161nokoli vpra\u0161anje ali potrebujete pomo\u010d pri iskanju prilo\u017enosti v tujini, nam lahko vedno pi\u0161ete preko dru\u017ebenih omre\u017eij (IG <a href=\"https:\/\/www.instagram.com\/mcidrija\/\" target=\"_blank\" rel=\"noreferrer noopener\">@mcidrija<\/a>, in FB <a href=\"https:\/\/www.facebook.com\/MladinskiCenterIdrija\">@MladinskiCenterIdrija<\/a>) ali na elektronski naslov <a>info@mcidrija.si<\/a>.<\/p>\n\n\n\n<div class=\"wp-block-qi-blocks-spacer qodef-block-container qodef-block-e471a61f\"><div class=\"qi-block-spacer qodef-block qodef-m\"><\/div><\/div>\n\n\n\n<p class=\"wp-block-paragraph\"><a href=\"https:\/\/www.facebook.com\/hashtag\/euyouthweek?__cft__[0]=AZZNk1TG2qO0dpM_BECdpRFoOkPyYn3h-mVtycoM4kacuk56SH4cUWb8fv8b2WpQwrTWVIpNbBs_ZWlesbMnQ6t3dfjatRb92CD80ZbxarSG5gtg5qvNPX96zgQM2Z1z7b20x0INj2zeLrOiAt3Eu0uVgV7Jo13xeVWd6QUDsVMDI6iHEUZOjQviRFA3e1Uv32U&amp;__tn__=*NK-R\">#EUYouthWeek<\/a><\/p>\n\n\n\n<hr class=\"wp-block-separator has-alpha-channel-opacity\"\/>\n\n\n\n<div class=\"wp-block-qi-blocks-spacer qodef-block-container qodef-block-e471a61f\"><div class=\"qi-block-spacer qodef-block qodef-m\"><\/div><\/div>\n\n\n\n<div class=\"wp-block-group is-nowrap is-layout-flex wp-container-core-group-is-layout-6c531013 wp-block-group-is-layout-flex\">\n<figure class=\"wp-block-image size-large\"><img data-recalc-dims=\"1\" fetchpriority=\"high\" decoding=\"async\" width=\"1080\" height=\"1350\" data-attachment-id=\"8130\" data-permalink=\"https:\/\/mcidrija.si\/en\/2026\/05\/07\/evropski-teden-mladih-mini-kviz-velike-priloznosti\/4-8\/\" data-orig-file=\"https:\/\/i0.wp.com\/mcidrija.si\/wp-content\/uploads\/2026\/05\/4.png?fit=1080%2C1350&amp;ssl=1\" data-orig-size=\"1080,1350\" data-comments-opened=\"1\" data-image-meta=\"{&quot;aperture&quot;:&quot;0&quot;,&quot;credit&quot;:&quot;&quot;,&quot;camera&quot;:&quot;&quot;,&quot;caption&quot;:&quot;&quot;,&quot;created_timestamp&quot;:&quot;0&quot;,&quot;copyright&quot;:&quot;&quot;,&quot;focal_length&quot;:&quot;0&quot;,&quot;iso&quot;:&quot;0&quot;,&quot;shutter_speed&quot;:&quot;0&quot;,&quot;title&quot;:&quot;&quot;,&quot;orientation&quot;:&quot;0&quot;}\" data-image-title=\"4\" data-image-description=\"\" data-image-caption=\"\" data-large-file=\"https:\/\/i0.wp.com\/mcidrija.si\/wp-content\/uploads\/2026\/05\/4.png?fit=819%2C1024&amp;ssl=1\" src=\"https:\/\/i0.wp.com\/mcidrija.si\/wp-content\/uploads\/2026\/05\/4.png?resize=1080%2C1350&#038;ssl=1\" alt=\"\" class=\"wp-image-8130\" srcset=\"https:\/\/i0.wp.com\/mcidrija.si\/wp-content\/uploads\/2026\/05\/4.png?resize=819%2C1024&amp;ssl=1 819w, https:\/\/i0.wp.com\/mcidrija.si\/wp-content\/uploads\/2026\/05\/4.png?resize=240%2C300&amp;ssl=1 240w, https:\/\/i0.wp.com\/mcidrija.si\/wp-content\/uploads\/2026\/05\/4.png?resize=768%2C960&amp;ssl=1 768w, https:\/\/i0.wp.com\/mcidrija.si\/wp-content\/uploads\/2026\/05\/4.png?resize=10%2C12&amp;ssl=1 10w, https:\/\/i0.wp.com\/mcidrija.si\/wp-content\/uploads\/2026\/05\/4.png?w=1080&amp;ssl=1 1080w\" sizes=\"(max-width: 1000px) 100vw, 1000px\" \/><\/figure>\n\n\n\n<figure class=\"wp-block-image size-large\"><img data-recalc-dims=\"1\" decoding=\"async\" width=\"819\" height=\"1024\" data-attachment-id=\"8131\" data-permalink=\"https:\/\/mcidrija.si\/en\/2026\/05\/07\/evropski-teden-mladih-mini-kviz-velike-priloznosti\/3-15\/\" data-orig-file=\"https:\/\/i0.wp.com\/mcidrija.si\/wp-content\/uploads\/2026\/05\/3.png?fit=1080%2C1350&amp;ssl=1\" data-orig-size=\"1080,1350\" data-comments-opened=\"1\" data-image-meta=\"{&quot;aperture&quot;:&quot;0&quot;,&quot;credit&quot;:&quot;&quot;,&quot;camera&quot;:&quot;&quot;,&quot;caption&quot;:&quot;&quot;,&quot;created_timestamp&quot;:&quot;0&quot;,&quot;copyright&quot;:&quot;&quot;,&quot;focal_length&quot;:&quot;0&quot;,&quot;iso&quot;:&quot;0&quot;,&quot;shutter_speed&quot;:&quot;0&quot;,&quot;title&quot;:&quot;&quot;,&quot;orientation&quot;:&quot;0&quot;}\" data-image-title=\"3\" data-image-description=\"\" data-image-caption=\"\" data-large-file=\"https:\/\/i0.wp.com\/mcidrija.si\/wp-content\/uploads\/2026\/05\/3.png?fit=819%2C1024&amp;ssl=1\" src=\"https:\/\/i0.wp.com\/mcidrija.si\/wp-content\/uploads\/2026\/05\/3.png?resize=819%2C1024&#038;ssl=1\" alt=\"\" class=\"wp-image-8131\" srcset=\"https:\/\/i0.wp.com\/mcidrija.si\/wp-content\/uploads\/2026\/05\/3.png?resize=819%2C1024&amp;ssl=1 819w, https:\/\/i0.wp.com\/mcidrija.si\/wp-content\/uploads\/2026\/05\/3.png?resize=240%2C300&amp;ssl=1 240w, https:\/\/i0.wp.com\/mcidrija.si\/wp-content\/uploads\/2026\/05\/3.png?resize=768%2C960&amp;ssl=1 768w, https:\/\/i0.wp.com\/mcidrija.si\/wp-content\/uploads\/2026\/05\/3.png?resize=10%2C12&amp;ssl=1 10w, https:\/\/i0.wp.com\/mcidrija.si\/wp-content\/uploads\/2026\/05\/3.png?w=1080&amp;ssl=1 1080w\" sizes=\"(max-width: 819px) 100vw, 819px\" \/><\/figure>\n\n\n\n<figure class=\"wp-block-image size-large\"><img data-recalc-dims=\"1\" decoding=\"async\" width=\"819\" height=\"1024\" data-attachment-id=\"8133\" data-permalink=\"https:\/\/mcidrija.si\/en\/2026\/05\/07\/evropski-teden-mladih-mini-kviz-velike-priloznosti\/5-7\/\" data-orig-file=\"https:\/\/i0.wp.com\/mcidrija.si\/wp-content\/uploads\/2026\/05\/5.png?fit=1080%2C1350&amp;ssl=1\" data-orig-size=\"1080,1350\" data-comments-opened=\"1\" data-image-meta=\"{&quot;aperture&quot;:&quot;0&quot;,&quot;credit&quot;:&quot;&quot;,&quot;camera&quot;:&quot;&quot;,&quot;caption&quot;:&quot;&quot;,&quot;created_timestamp&quot;:&quot;0&quot;,&quot;copyright&quot;:&quot;&quot;,&quot;focal_length&quot;:&quot;0&quot;,&quot;iso&quot;:&quot;0&quot;,&quot;shutter_speed&quot;:&quot;0&quot;,&quot;title&quot;:&quot;&quot;,&quot;orientation&quot;:&quot;0&quot;}\" data-image-title=\"5\" data-image-description=\"\" data-image-caption=\"\" data-large-file=\"https:\/\/i0.wp.com\/mcidrija.si\/wp-content\/uploads\/2026\/05\/5.png?fit=819%2C1024&amp;ssl=1\" src=\"https:\/\/i0.wp.com\/mcidrija.si\/wp-content\/uploads\/2026\/05\/5.png?resize=819%2C1024&#038;ssl=1\" alt=\"\" class=\"wp-image-8133\" srcset=\"https:\/\/i0.wp.com\/mcidrija.si\/wp-content\/uploads\/2026\/05\/5.png?resize=819%2C1024&amp;ssl=1 819w, https:\/\/i0.wp.com\/mcidrija.si\/wp-content\/uploads\/2026\/05\/5.png?resize=240%2C300&amp;ssl=1 240w, https:\/\/i0.wp.com\/mcidrija.si\/wp-content\/uploads\/2026\/05\/5.png?resize=768%2C960&amp;ssl=1 768w, https:\/\/i0.wp.com\/mcidrija.si\/wp-content\/uploads\/2026\/05\/5.png?resize=10%2C12&amp;ssl=1 10w, https:\/\/i0.wp.com\/mcidrija.si\/wp-content\/uploads\/2026\/05\/5.png?w=1080&amp;ssl=1 1080w\" sizes=\"(max-width: 819px) 100vw, 819px\" \/><\/figure>\n<\/div>\n\n\n\n<div class=\"wp-block-qi-blocks-spacer qodef-block-container qodef-block-e471a61f\"><div class=\"qi-block-spacer qodef-block qodef-m\"><\/div><\/div>\n\n\n\n<hr class=\"wp-block-separator has-alpha-channel-opacity\"\/>\n\n\n\n<p class=\"has-x-small-font-size wp-block-paragraph\"><em>Dogodek je organiziral Mladinski center Idrija, v sodelovanju z Gimnazijo Jurija Vege Idrija in je sofinanciran s strani Evropske unije, v sklopu Evropskega tedna mladih in pod koordinacijo nacionalne agencije Movit.<\/em><\/p>\n\n\n\n<div class=\"wp-block-qi-blocks-spacer qodef-block-container qodef-block-e471a61f\"><div class=\"qi-block-spacer qodef-block qodef-m\"><\/div><\/div>\n\n\n\n<p class=\"has-x-small-font-size wp-block-paragraph\">*Ta dejavnost je bila financirana s strani Evropske unije. Vendar pa so izra\u017eena stali\u0161\u010da in mnenja izklju\u010dno mnenja avtorja(-ev) in ne odra\u017eajo nujno stali\u0161\u010d Evropske unije ali Nacionalne agencije. Niti Evropska unija niti Nacionalna agencija ne prevzemata odgovornosti zanje.<\/p>\n\n\n\n<div class=\"wp-block-group is-nowrap is-layout-flex wp-container-core-group-is-layout-6c531013 wp-block-group-is-layout-flex\">\n<figure class=\"wp-block-image size-full\"><img data-recalc-dims=\"1\" loading=\"lazy\" decoding=\"async\" width=\"617\" height=\"226\" data-attachment-id=\"7932\" data-permalink=\"https:\/\/mcidrija.si\/en\/2026\/04\/17\/katera-mednarodna-priloznost-je-prava-zate-oglej-si-razstavo-mladih-na-idrijskih-gimnaziji-in-izvedi\/movit-2\/\" data-orig-file=\"https:\/\/i0.wp.com\/mcidrija.si\/wp-content\/uploads\/2026\/04\/Movit.jpg?fit=617%2C226&amp;ssl=1\" data-orig-size=\"617,226\" data-comments-opened=\"1\" data-image-meta=\"{&quot;aperture&quot;:&quot;0&quot;,&quot;credit&quot;:&quot;&quot;,&quot;camera&quot;:&quot;&quot;,&quot;caption&quot;:&quot;&quot;,&quot;created_timestamp&quot;:&quot;0&quot;,&quot;copyright&quot;:&quot;&quot;,&quot;focal_length&quot;:&quot;0&quot;,&quot;iso&quot;:&quot;0&quot;,&quot;shutter_speed&quot;:&quot;0&quot;,&quot;title&quot;:&quot;&quot;,&quot;orientation&quot;:&quot;0&quot;}\" data-image-title=\"Movit\" data-image-description=\"\" data-image-caption=\"\" data-large-file=\"https:\/\/i0.wp.com\/mcidrija.si\/wp-content\/uploads\/2026\/04\/Movit.jpg?fit=617%2C226&amp;ssl=1\" src=\"https:\/\/i0.wp.com\/mcidrija.si\/wp-content\/uploads\/2026\/04\/Movit.jpg?resize=617%2C226&#038;ssl=1\" alt=\"\" class=\"wp-image-7932\" srcset=\"https:\/\/i0.wp.com\/mcidrija.si\/wp-content\/uploads\/2026\/04\/Movit.jpg?w=617&amp;ssl=1 617w, https:\/\/i0.wp.com\/mcidrija.si\/wp-content\/uploads\/2026\/04\/Movit.jpg?resize=300%2C110&amp;ssl=1 300w, https:\/\/i0.wp.com\/mcidrija.si\/wp-content\/uploads\/2026\/04\/Movit.jpg?resize=18%2C7&amp;ssl=1 18w\" sizes=\"(max-width: 617px) 100vw, 617px\" \/><\/figure>\n\n\n\n<figure class=\"wp-block-image size-large\"><img data-recalc-dims=\"1\" loading=\"lazy\" decoding=\"async\" width=\"1024\" height=\"576\" data-attachment-id=\"7934\" data-permalink=\"https:\/\/mcidrija.si\/en\/2026\/04\/17\/katera-mednarodna-priloznost-je-prava-zate-oglej-si-razstavo-mladih-na-idrijskih-gimnaziji-in-izvedi\/sl_eyw_id_logo_b_blue\/\" data-orig-file=\"https:\/\/i0.wp.com\/mcidrija.si\/wp-content\/uploads\/2026\/04\/SL_EYW_ID_LOGO_B_BLUE.png?fit=4000%2C2250&amp;ssl=1\" data-orig-size=\"4000,2250\" data-comments-opened=\"1\" data-image-meta=\"{&quot;aperture&quot;:&quot;0&quot;,&quot;credit&quot;:&quot;&quot;,&quot;camera&quot;:&quot;&quot;,&quot;caption&quot;:&quot;&quot;,&quot;created_timestamp&quot;:&quot;0&quot;,&quot;copyright&quot;:&quot;&quot;,&quot;focal_length&quot;:&quot;0&quot;,&quot;iso&quot;:&quot;0&quot;,&quot;shutter_speed&quot;:&quot;0&quot;,&quot;title&quot;:&quot;&quot;,&quot;orientation&quot;:&quot;0&quot;}\" data-image-title=\"SL_EYW_ID_LOGO_B_BLUE\" data-image-description=\"\" data-image-caption=\"\" data-large-file=\"https:\/\/i0.wp.com\/mcidrija.si\/wp-content\/uploads\/2026\/04\/SL_EYW_ID_LOGO_B_BLUE.png?fit=1024%2C576&amp;ssl=1\" src=\"https:\/\/i0.wp.com\/mcidrija.si\/wp-content\/uploads\/2026\/04\/SL_EYW_ID_LOGO_B_BLUE.png?resize=1024%2C576&#038;ssl=1\" alt=\"\" class=\"wp-image-7934\" srcset=\"https:\/\/i0.wp.com\/mcidrija.si\/wp-content\/uploads\/2026\/04\/SL_EYW_ID_LOGO_B_BLUE.png?resize=1024%2C576&amp;ssl=1 1024w, https:\/\/i0.wp.com\/mcidrija.si\/wp-content\/uploads\/2026\/04\/SL_EYW_ID_LOGO_B_BLUE.png?resize=300%2C169&amp;ssl=1 300w, https:\/\/i0.wp.com\/mcidrija.si\/wp-content\/uploads\/2026\/04\/SL_EYW_ID_LOGO_B_BLUE.png?resize=768%2C432&amp;ssl=1 768w, https:\/\/i0.wp.com\/mcidrija.si\/wp-content\/uploads\/2026\/04\/SL_EYW_ID_LOGO_B_BLUE.png?resize=1536%2C864&amp;ssl=1 1536w, https:\/\/i0.wp.com\/mcidrija.si\/wp-content\/uploads\/2026\/04\/SL_EYW_ID_LOGO_B_BLUE.png?resize=2048%2C1152&amp;ssl=1 2048w, https:\/\/i0.wp.com\/mcidrija.si\/wp-content\/uploads\/2026\/04\/SL_EYW_ID_LOGO_B_BLUE.png?resize=18%2C10&amp;ssl=1 18w, https:\/\/i0.wp.com\/mcidrija.si\/wp-content\/uploads\/2026\/04\/SL_EYW_ID_LOGO_B_BLUE.png?resize=1200%2C675&amp;ssl=1 1200w, https:\/\/i0.wp.com\/mcidrija.si\/wp-content\/uploads\/2026\/04\/SL_EYW_ID_LOGO_B_BLUE.png?w=3000&amp;ssl=1 3000w\" sizes=\"(max-width: 1000px) 100vw, 1000px\" \/><\/figure>\n\n\n\n<figure class=\"wp-block-image size-large\"><img data-recalc-dims=\"1\" loading=\"lazy\" decoding=\"async\" width=\"1024\" height=\"215\" data-attachment-id=\"6890\" data-permalink=\"https:\/\/mcidrija.si\/en\/2025\/09\/17\/kaj-narediti-ob-izgubi-studentskega-statusa\/01_logo_sofinancira-eu_vodoraven_modra-zastava-rumene-zvezde-moder-napis_original-2\/\" data-orig-file=\"https:\/\/i0.wp.com\/mcidrija.si\/wp-content\/uploads\/2025\/09\/01_Logo_SOFINANCIRA-EU_vodoraven_MODRA-zastava-RUMENE-zvezde-MODER-napis_ORIGINAL.png?fit=4247%2C891&amp;ssl=1\" data-orig-size=\"4247,891\" data-comments-opened=\"1\" data-image-meta=\"{&quot;aperture&quot;:&quot;0&quot;,&quot;credit&quot;:&quot;&quot;,&quot;camera&quot;:&quot;&quot;,&quot;caption&quot;:&quot;&quot;,&quot;created_timestamp&quot;:&quot;0&quot;,&quot;copyright&quot;:&quot;&quot;,&quot;focal_length&quot;:&quot;0&quot;,&quot;iso&quot;:&quot;0&quot;,&quot;shutter_speed&quot;:&quot;0&quot;,&quot;title&quot;:&quot;&quot;,&quot;orientation&quot;:&quot;0&quot;}\" data-image-title=\"01_Logo_SOFINANCIRA EU_vodoraven_MODRA zastava-RUMENE zvezde-MODER napis_ORIGINAL\" data-image-description=\"\" data-image-caption=\"\" data-large-file=\"https:\/\/i0.wp.com\/mcidrija.si\/wp-content\/uploads\/2025\/09\/01_Logo_SOFINANCIRA-EU_vodoraven_MODRA-zastava-RUMENE-zvezde-MODER-napis_ORIGINAL.png?fit=1024%2C215&amp;ssl=1\" src=\"https:\/\/i0.wp.com\/mcidrija.si\/wp-content\/uploads\/2025\/09\/01_Logo_SOFINANCIRA-EU_vodoraven_MODRA-zastava-RUMENE-zvezde-MODER-napis_ORIGINAL.png?resize=1024%2C215&#038;ssl=1\" alt=\"\" class=\"wp-image-6890\" srcset=\"https:\/\/i0.wp.com\/mcidrija.si\/wp-content\/uploads\/2025\/09\/01_Logo_SOFINANCIRA-EU_vodoraven_MODRA-zastava-RUMENE-zvezde-MODER-napis_ORIGINAL.png?resize=1024%2C215&amp;ssl=1 1024w, https:\/\/i0.wp.com\/mcidrija.si\/wp-content\/uploads\/2025\/09\/01_Logo_SOFINANCIRA-EU_vodoraven_MODRA-zastava-RUMENE-zvezde-MODER-napis_ORIGINAL.png?resize=300%2C63&amp;ssl=1 300w, https:\/\/i0.wp.com\/mcidrija.si\/wp-content\/uploads\/2025\/09\/01_Logo_SOFINANCIRA-EU_vodoraven_MODRA-zastava-RUMENE-zvezde-MODER-napis_ORIGINAL.png?resize=768%2C161&amp;ssl=1 768w, https:\/\/i0.wp.com\/mcidrija.si\/wp-content\/uploads\/2025\/09\/01_Logo_SOFINANCIRA-EU_vodoraven_MODRA-zastava-RUMENE-zvezde-MODER-napis_ORIGINAL.png?resize=1536%2C322&amp;ssl=1 1536w, https:\/\/i0.wp.com\/mcidrija.si\/wp-content\/uploads\/2025\/09\/01_Logo_SOFINANCIRA-EU_vodoraven_MODRA-zastava-RUMENE-zvezde-MODER-napis_ORIGINAL.png?resize=2048%2C430&amp;ssl=1 2048w, https:\/\/i0.wp.com\/mcidrija.si\/wp-content\/uploads\/2025\/09\/01_Logo_SOFINANCIRA-EU_vodoraven_MODRA-zastava-RUMENE-zvezde-MODER-napis_ORIGINAL.png?resize=18%2C4&amp;ssl=1 18w, https:\/\/i0.wp.com\/mcidrija.si\/wp-content\/uploads\/2025\/09\/01_Logo_SOFINANCIRA-EU_vodoraven_MODRA-zastava-RUMENE-zvezde-MODER-napis_ORIGINAL.png?w=3000&amp;ssl=1 3000w\" sizes=\"(max-width: 1000px) 100vw, 1000px\" \/><\/figure>\n<\/div>\n\n\n\n<p class=\"wp-block-paragraph\"><\/p>\n","protected":false},"excerpt":{"rendered":"<p>V sklopu Evropskega tedna mladih smo 6. maja 2026 organizirali mini interaktivni kviz o mednarodnih prilo\u017enostih za mlade. Dogodek je potekal na Gimnaziji Jurija Vege Idrija, kjer smo dijakom na zabaven in interaktiven na\u010din pribli\u017eali mo\u017enosti, ki jih mladim ponuja Evropska unija. \u017de v za\u010detku aprila smo odprli javni poziv za sodelovanje na fotografski razstavi, [&hellip;]<\/p>\n","protected":false},"author":252603206,"featured_media":8141,"comment_status":"open","ping_status":"open","sticky":false,"template":"","format":"standard","meta":{"advanced_seo_description":"","jetpack_seo_html_title":"","jetpack_seo_noindex":false,"jetpack_seo_schema_type":"","_jetpack_newsletter_access":"","_jetpack_dont_email_post_to_subs":false,"_jetpack_newsletter_tier_id":0,"_jetpack_memberships_contains_paywalled_content":false,"_wpcom_ai_launchpad_first_post":false,"_jetpack_feature_clip_id":0,"_jetpack_memberships_contains_paid_content":false,"footnotes":"","jetpack_publicize_message":"{title}\n\n{excerpt}\n\n{url}","jetpack_publicize_feature_enabled":true,"jetpack_social_post_already_shared":true,"jetpack_social_options":{"image_generator_settings":{"template":"highway","default_image_id":0,"font":"","enabled":false},"version":2},"_wpas_customize_per_network":false,"jetpack_post_was_ever_published":false},"categories":[1367],"tags":[1435,1577,1623,1618,1622,1424],"class_list":["post-8123","post","type-post","status-publish","format-standard","has-post-thumbnail","hentry","category-novice","tag-erasmus","tag-erasmus-2","tag-evropska-solidarnostna-enota","tag-evropski-teden-mladih","tag-kviz","tag-mladi"],"jetpack_publicize_connections":[],"jetpack_likes_enabled":true,"jetpack_sharing_enabled":true,"jetpack_shortlink":"https:\/\/wp.me\/pfSlLi-271","jetpack-related-posts":[],"jetpack_featured_media_url":"https:\/\/i0.wp.com\/mcidrija.si\/wp-content\/uploads\/2026\/05\/KVIZ-WEBSITE.png?fit=1200%2C900&ssl=1","_links":{"self":[{"href":"https:\/\/mcidrija.si\/en\/wp-json\/wp\/v2\/posts\/8123","targetHints":{"allow":["GET"]}}],"collection":[{"href":"https:\/\/mcidrija.si\/en\/wp-json\/wp\/v2\/posts"}],"about":[{"href":"https:\/\/mcidrija.si\/en\/wp-json\/wp\/v2\/types\/post"}],"author":[{"embeddable":true,"href":"https:\/\/mcidrija.si\/en\/wp-json\/wp\/v2\/users\/252603206"}],"replies":[{"embeddable":true,"href":"https:\/\/mcidrija.si\/en\/wp-json\/wp\/v2\/comments?post=8123"}],"version-history":[{"count":14,"href":"https:\/\/mcidrija.si\/en\/wp-json\/wp\/v2\/posts\/8123\/revisions"}],"predecessor-version":[{"id":8142,"href":"https:\/\/mcidrija.si\/en\/wp-json\/wp\/v2\/posts\/8123\/revisions\/8142"}],"wp:featuredmedia":[{"embeddable":true,"href":"https:\/\/mcidrija.si\/en\/wp-json\/wp\/v2\/media\/8141"}],"wp:attachment":[{"href":"https:\/\/mcidrija.si\/en\/wp-json\/wp\/v2\/media?parent=8123"}],"wp:term":[{"taxonomy":"category","embeddable":true,"href":"https:\/\/mcidrija.si\/en\/wp-json\/wp\/v2\/categories?post=8123"},{"taxonomy":"post_tag","embeddable":true,"href":"https:\/\/mcidrija.si\/en\/wp-json\/wp\/v2\/tags?post=8123"}],"curies":[{"name":"wp","href":"https:\/\/api.w.org\/{rel}","templated":true}]}}