{"id":8445,"date":"2026-06-01T12:29:45","date_gmt":"2026-06-01T10:29:45","guid":{"rendered":"https:\/\/mcidrija.si\/?p=8445"},"modified":"2026-06-01T12:40:56","modified_gmt":"2026-06-01T10:40:56","slug":"mednarodna-mladinska-izmenjava-find-your-wild-2026-idrija","status":"publish","type":"post","link":"https:\/\/mcidrija.si\/en\/2026\/06\/01\/mednarodna-mladinska-izmenjava-find-your-wild-2026-idrija\/","title":{"rendered":"Mednarodna mladinska izmenjava FIND YOUR WILD, 2026, Idrija"},"content":{"rendered":"<h4 class=\"wp-block-heading\">Poletje, ki si ga bo\u0161 zapomnil_a<\/h4>\n\n\n\n<p class=\"wp-block-paragraph\">\u0160e ne ve\u0161 kam bi to poletje? Vabimo te, da se nam pridru\u017ei\u0161 na poletni pustolov\u0161\u010dini v <strong>Idriji<\/strong>, kjer bo\u0161 osem dni pre\u017eivel_a v mednarodni skupini mladih <strong>med 14 in 17 letom starosti<\/strong>. Mladinska izmenjava bo potekala v organizaciji Mladinskega centra Idrija, skupaj s 3 partnerskimi dr\u017eavami iz EU.<\/p>\n\n\n\n<p class=\"wp-block-paragraph\">Gre za izku\u0161njo, kjer se u\u010denje ne dogaja v u\u010dilnici, ampak skozi gibanje, igro, naravo in timsko delo.<\/p>\n\n\n\n<div class=\"wp-block-qi-blocks-spacer qodef-block-container qodef-block-27d77a64\"><div class=\"qi-block-spacer qodef-block qodef-m\"><\/div><\/div>\n\n\n\n<div class=\"wp-block-buttons has-custom-font-size has-medium-font-size is-content-justification-center is-layout-flex wp-container-core-buttons-is-layout-a89b3969 wp-block-buttons-is-layout-flex\">\n<div class=\"wp-block-button\"><a class=\"wp-block-button__link wp-element-button\" href=\"https:\/\/docs.google.com\/forms\/d\/e\/1FAIpQLSfjCpdpxWzzBiMUUGePQ_d94ErZuq8XTDCxw1nDxofmhon8hA\/viewform\">PRIJAVNICA<\/a><\/div>\n<\/div>\n\n\n\n<div class=\"wp-block-qi-blocks-spacer qodef-block-container qodef-block-27d77a64\"><div class=\"qi-block-spacer qodef-block qodef-m\"><\/div><\/div>\n\n\n\n<div class=\"wp-block-media-text is-stacked-on-mobile\"><figure class=\"wp-block-media-text__media\"><img data-recalc-dims=\"1\" fetchpriority=\"high\" decoding=\"async\" width=\"819\" height=\"1024\" data-attachment-id=\"8469\" data-permalink=\"https:\/\/mcidrija.si\/en\/2026\/06\/01\/mednarodna-mladinska-izmenjava-find-your-wild-2026-idrija\/mladinske-izmenjave-2026-3\/\" data-orig-file=\"https:\/\/i0.wp.com\/mcidrija.si\/wp-content\/uploads\/2026\/06\/mladinske-izmenjave-2026-3.png?fit=1080%2C1350&amp;ssl=1\" data-orig-size=\"1080,1350\" data-comments-opened=\"1\" data-image-meta=\"{&quot;aperture&quot;:&quot;0&quot;,&quot;credit&quot;:&quot;&quot;,&quot;camera&quot;:&quot;&quot;,&quot;caption&quot;:&quot;&quot;,&quot;created_timestamp&quot;:&quot;0&quot;,&quot;copyright&quot;:&quot;&quot;,&quot;focal_length&quot;:&quot;0&quot;,&quot;iso&quot;:&quot;0&quot;,&quot;shutter_speed&quot;:&quot;0&quot;,&quot;title&quot;:&quot;&quot;,&quot;orientation&quot;:&quot;0&quot;,&quot;alt&quot;:&quot;&quot;}\" data-image-title=\"mladinske izmenjave 2026 (3)\" data-image-description=\"\" data-image-caption=\"\" data-large-file=\"https:\/\/i0.wp.com\/mcidrija.si\/wp-content\/uploads\/2026\/06\/mladinske-izmenjave-2026-3.png?fit=819%2C1024&amp;ssl=1\" src=\"https:\/\/i0.wp.com\/mcidrija.si\/wp-content\/uploads\/2026\/06\/mladinske-izmenjave-2026-3.png?resize=819%2C1024&#038;ssl=1\" alt=\"\" class=\"wp-image-8469 size-full\" srcset=\"https:\/\/i0.wp.com\/mcidrija.si\/wp-content\/uploads\/2026\/06\/mladinske-izmenjave-2026-3.png?resize=819%2C1024&amp;ssl=1 819w, https:\/\/i0.wp.com\/mcidrija.si\/wp-content\/uploads\/2026\/06\/mladinske-izmenjave-2026-3.png?resize=240%2C300&amp;ssl=1 240w, https:\/\/i0.wp.com\/mcidrija.si\/wp-content\/uploads\/2026\/06\/mladinske-izmenjave-2026-3.png?resize=768%2C960&amp;ssl=1 768w, https:\/\/i0.wp.com\/mcidrija.si\/wp-content\/uploads\/2026\/06\/mladinske-izmenjave-2026-3.png?resize=10%2C12&amp;ssl=1 10w, https:\/\/i0.wp.com\/mcidrija.si\/wp-content\/uploads\/2026\/06\/mladinske-izmenjave-2026-3.png?w=1080&amp;ssl=1 1080w\" sizes=\"(max-width: 819px) 100vw, 819px\" \/><\/figure><div class=\"wp-block-media-text__content\">\n<h4 class=\"wp-block-heading\">kaj te \u010daka?<\/h4>\n\n\n\n<p class=\"wp-block-paragraph\">FIND YOUR WILD je ve\u010d kot poletni tabor. Je prilo\u017enost, da:<\/p>\n\n\n\n<ul class=\"wp-block-list\">\n<li>pre\u017eivi\u0161 ve\u010d dni v naravi,<\/li>\n\n\n\n<li>spozna\u0161 osnove pre\u017eivetja v naravi,<\/li>\n\n\n\n<li>sodeluje\u0161 z mladimi iz drugih evropskih dr\u017eav,<\/li>\n\n\n\n<li>odkrije\u0161 nove na\u010dine, kako delovati v ekipi in zaupati sebi.<\/li>\n<\/ul>\n\n\n\n<p class=\"wp-block-paragraph\">Program spodbuja aktivnost, sodelovanje in osebno rast \u2013 na spro\u0161\u010den, igriv in varen na\u010din.<\/p>\n\n\n\n<h4 class=\"wp-block-heading\">Odklop od ekranov, priklop na resni\u010dno \u017eivljenje<\/h4>\n\n\n\n<p class=\"wp-block-paragraph\">Eden klju\u010dnih poudarkov izmenjave je preprosta, a danes redka izku\u0161nja: <strong>\u010das brez telefonov in digitalnih motenj<\/strong>.<\/p>\n\n\n\n<p class=\"wp-block-paragraph\">Namesto skrolanja te \u010dakajo narava, gibanje, pogovori v \u017eivo in pristna povezanost z ljudmi okoli tebe.<\/p>\n\n\n\n<p class=\"wp-block-paragraph\">Cilj ni \u00bbodvzem tehnologije\u00ab, ampak omogo\u010diti prostor za nekaj drugega \u2013 ve\u010d prisotnosti, ve\u010d energije in ve\u010d resni\u010dnih do\u017eivetij.<\/p>\n<\/div><\/div>\n\n\n\n<div class=\"wp-block-qi-blocks-spacer qodef-block-container qodef-block-27d77a64\"><div class=\"qi-block-spacer qodef-block qodef-m\"><\/div><\/div>\n\n\n\n<h4 class=\"wp-block-heading\">Odklop od ekranov, priklop na resni\u010dno \u017eivljenje<\/h4>\n\n\n\n<p class=\"wp-block-paragraph\">Eden klju\u010dnih poudarkov izmenjave je preprosta, a danes redka izku\u0161nja: <strong>\u010das brez telefonov in digitalnih motenj<\/strong>.<\/p>\n\n\n\n<p class=\"wp-block-paragraph\">Namesto skrolanja te \u010dakajo:<\/p>\n\n\n\n<ul class=\"wp-block-list\">\n<li>narava,<\/li>\n\n\n\n<li>gibanje,<\/li>\n\n\n\n<li>pogovori v \u017eivo,<\/li>\n\n\n\n<li>in pristna povezanost z ljudmi okoli tebe.<\/li>\n<\/ul>\n\n\n\n<p class=\"wp-block-paragraph\">Cilj ni \u00bbodvzem tehnologije\u00ab, ampak omogo\u010diti prostor za nekaj drugega \u2013 ve\u010d prisotnosti, ve\u010d energije in ve\u010d resni\u010dnih do\u017eivetij.<\/p>\n\n\n\n<div class=\"wp-block-qi-blocks-spacer qodef-block-container qodef-block-27d77a64\"><div class=\"qi-block-spacer qodef-block qodef-m\"><\/div><\/div>\n\n\n\n<h4 class=\"wp-block-heading\">Majhne skupine, varno okolje<\/h4>\n\n\n\n<p class=\"wp-block-paragraph\">Izmenjava poteka v majhnih, mednarodnih skupinah (5 mladih + 1 vodja skupine), kar omogo\u010da:<\/p>\n\n\n\n<ul class=\"wp-block-list\">\n<li>ve\u010d individualne pozornosti,<\/li>\n\n\n\n<li>varno in podporno okolje,<\/li>\n\n\n\n<li>la\u017eje povezovanje med udele\u017eenci.<\/li>\n<\/ul>\n\n\n\n<p class=\"wp-block-paragraph\">Projekt poteka v organizaciji <strong>Mladinskega centra Idrija<\/strong> skupaj s partnerji iz treh dr\u017eav EU, kar zagotavlja izku\u0161njo mednarodnega sodelovanja in kakovostno izvedbo programa.<\/p>\n\n\n\n<div class=\"wp-block-qi-blocks-spacer qodef-block-container qodef-block-27d77a64\"><div class=\"qi-block-spacer qodef-block qodef-m\"><\/div><\/div>\n\n\n\n<h4 class=\"wp-block-heading\">Za star\u0161e<\/h4>\n\n\n\n<p class=\"wp-block-paragraph\">FIND YOUR WILD je zasnovan kot varno in strukturirano okolje, kjer mladi:<\/p>\n\n\n\n<ul class=\"wp-block-list\">\n<li>pre\u017eivljajo \u010das pod nadzorom usposobljenih vodij,<\/li>\n\n\n\n<li>sodelujejo v vodenih dejavnostih,<\/li>\n\n\n\n<li>razvijajo socialne in osebnostne ve\u0161\u010dine,<\/li>\n\n\n\n<li>ter so del mednarodne skupine vrstnikov.<\/li>\n<\/ul>\n\n\n\n<p class=\"wp-block-paragraph\">Program spodbuja samostojnost, odgovornost in zdrave odnose z vrstniki, hkrati pa ostaja osredoto\u010den na varnost in dobrobit udele\u017eencev.<\/p>\n\n\n\n<div class=\"wp-block-qi-blocks-spacer qodef-block-container qodef-block-27d77a64\"><div class=\"qi-block-spacer qodef-block qodef-m\"><\/div><\/div>\n\n\n\n<h4 class=\"wp-block-heading\">Prijavi se na dogodiv\u0161\u010dino, ki ti bo dala spomine za celo \u017eivljenje<\/h4>\n\n\n\n<p class=\"wp-block-paragraph\">FIND YOUR WILD ni le poletna avantura \u2013 je izku\u0161nja, ki te lahko spremeni. \u010ce si pripravljen_a stopiti iz cone udobja in do\u017eiveti poletje na druga\u010den na\u010din, te vabimo, da se pridru\u017ei\u0161.<\/p>\n\n\n\n<p class=\"has-large-font-size wp-block-paragraph\"><strong>FIND YOUR WILD 2026 \u2013 Idrija, 9. 8. \u2013 18. 8. 2026<\/strong><\/p>\n\n\n\n<div class=\"wp-block-qi-blocks-spacer qodef-block-container qodef-block-27d77a64\"><div class=\"qi-block-spacer qodef-block qodef-m\"><\/div><\/div>\n\n\n\n<div class=\"wp-block-buttons has-custom-font-size has-medium-font-size is-content-justification-center is-layout-flex wp-container-core-buttons-is-layout-a89b3969 wp-block-buttons-is-layout-flex\">\n<div class=\"wp-block-button\"><a class=\"wp-block-button__link wp-element-button\" href=\"https:\/\/docs.google.com\/forms\/d\/e\/1FAIpQLSfjCpdpxWzzBiMUUGePQ_d94ErZuq8XTDCxw1nDxofmhon8hA\/viewform\">PRIJAVNICA<\/a><\/div>\n<\/div>\n\n\n\n<div class=\"wp-block-qi-blocks-spacer qodef-block-container qodef-block-27d77a64\"><div class=\"qi-block-spacer qodef-block qodef-m\"><\/div><\/div>\n\n\n\n<p class=\"has-large-font-size wp-block-paragraph\">Ve\u010d informacij in podrobnosti o sami izmenjavi najde\u0161 v spodnjem infopacku.<\/p>\n\n\n\n<p class=\"wp-block-paragraph\">Kontakt za ve\u010d informacij in dodatna vpra\u0161anja: info@mcidrija.si<\/p>\n\n\n\n<div class=\"wp-block-qi-blocks-spacer qodef-block-container qodef-block-27d77a64\"><div class=\"qi-block-spacer qodef-block qodef-m\"><\/div><\/div>\n\n\n\n<div data-wp-interactive=\"core\/file\" class=\"wp-block-file\"><object data-wp-bind--hidden=\"!state.hasPdfPreview\" hidden class=\"wp-block-file__embed\" data=\"https:\/\/mcidrija.si\/wp-content\/uploads\/2026\/06\/FIND-YOUR-WILD-infopack.pdf\" type=\"application\/pdf\" style=\"width:100%;height:600px\" aria-label=\"PDF embed\"><\/object><\/div>","protected":false},"excerpt":{"rendered":"<p>Poletje, ki si ga bo\u0161 zapomnil_a \u0160e ne ve\u0161 kam bi to poletje? Vabimo te, da se nam pridru\u017ei\u0161 na poletni pustolov\u0161\u010dini v Idriji, kjer bo\u0161 osem dni pre\u017eivel_a v mednarodni skupini mladih med 14 in 17 letom starosti. Mladinska izmenjava bo potekala v organizaciji Mladinskega centra Idrija, skupaj s 3 partnerskimi dr\u017eavami iz EU. [&hellip;]<\/p>\n","protected":false},"author":252603206,"featured_media":8470,"comment_status":"open","ping_status":"open","sticky":false,"template":"","format":"standard","meta":{"advanced_seo_description":"","jetpack_seo_html_title":"","jetpack_seo_noindex":false,"jetpack_seo_schema_type":"","_jetpack_newsletter_access":"","_jetpack_dont_email_post_to_subs":false,"_jetpack_newsletter_tier_id":0,"_jetpack_memberships_contains_paywalled_content":false,"_wpcom_ai_launchpad_first_post":false,"_jetpack_feature_clip_id":0,"_jetpack_memberships_contains_paid_content":false,"footnotes":"","jetpack_publicize_message":"{title}\n\n{excerpt}\n\n{url}","jetpack_publicize_feature_enabled":true,"jetpack_social_post_already_shared":true,"jetpack_social_options":{"image_generator_settings":{"template":"highway","default_image_id":0,"font":"","enabled":false},"version":2},"_wpas_customize_per_network":false,"jetpack_post_was_ever_published":false},"categories":[1367],"tags":[1435,1577,1385,1424,1570],"class_list":["post-8445","post","type-post","status-publish","format-standard","has-post-thumbnail","hentry","category-novice","tag-erasmus","tag-erasmus-2","tag-idrija","tag-mladi","tag-mladinska-izmenjava"],"jetpack_publicize_connections":[],"jetpack_likes_enabled":true,"jetpack_sharing_enabled":true,"jetpack_shortlink":"https:\/\/wp.me\/pfSlLi-2cd","jetpack-related-posts":[],"jetpack_featured_media_url":"https:\/\/i0.wp.com\/mcidrija.si\/wp-content\/uploads\/2026\/06\/mladinske-izmenjave-2026-2.png?fit=1200%2C900&ssl=1","_links":{"self":[{"href":"https:\/\/mcidrija.si\/en\/wp-json\/wp\/v2\/posts\/8445","targetHints":{"allow":["GET"]}}],"collection":[{"href":"https:\/\/mcidrija.si\/en\/wp-json\/wp\/v2\/posts"}],"about":[{"href":"https:\/\/mcidrija.si\/en\/wp-json\/wp\/v2\/types\/post"}],"author":[{"embeddable":true,"href":"https:\/\/mcidrija.si\/en\/wp-json\/wp\/v2\/users\/252603206"}],"replies":[{"embeddable":true,"href":"https:\/\/mcidrija.si\/en\/wp-json\/wp\/v2\/comments?post=8445"}],"version-history":[{"count":13,"href":"https:\/\/mcidrija.si\/en\/wp-json\/wp\/v2\/posts\/8445\/revisions"}],"predecessor-version":[{"id":8471,"href":"https:\/\/mcidrija.si\/en\/wp-json\/wp\/v2\/posts\/8445\/revisions\/8471"}],"wp:featuredmedia":[{"embeddable":true,"href":"https:\/\/mcidrija.si\/en\/wp-json\/wp\/v2\/media\/8470"}],"wp:attachment":[{"href":"https:\/\/mcidrija.si\/en\/wp-json\/wp\/v2\/media?parent=8445"}],"wp:term":[{"taxonomy":"category","embeddable":true,"href":"https:\/\/mcidrija.si\/en\/wp-json\/wp\/v2\/categories?post=8445"},{"taxonomy":"post_tag","embeddable":true,"href":"https:\/\/mcidrija.si\/en\/wp-json\/wp\/v2\/tags?post=8445"}],"curies":[{"name":"wp","href":"https:\/\/api.w.org\/{rel}","templated":true}]}}